{"id":309,"date":"2026-04-20T14:53:10","date_gmt":"2026-04-20T14:53:10","guid":{"rendered":"https:\/\/www.sistemamoveis.com.br\/blog\/?p=309"},"modified":"2026-04-30T14:55:17","modified_gmt":"2026-04-30T14:55:17","slug":"moveis-para-recepcao-corporativa-o-que-considerar-para-transmitir-profissionalismo-e-organizacao","status":"publish","type":"post","link":"https:\/\/www.sistemamoveis.com.br\/blog\/moveis-para-recepcao-corporativa-o-que-considerar-para-transmitir-profissionalismo-e-organizacao\/","title":{"rendered":"M\u00f3veis para recep\u00e7\u00e3o corporativa: o que considerar para transmitir profissionalismo e organiza\u00e7\u00e3o"},"content":{"rendered":"<span class=\"span-reading-time rt-reading-time\" style=\"display: block;\"><span class=\"rt-label rt-prefix\">Tempo de leitura: <\/span> <span class=\"rt-time\"> 9<\/span> <span class=\"rt-label rt-postfix\">minutos<\/span><\/span>\n<p>M\u00f3veis para recep\u00e7\u00e3o corporativa: o que considerar para transmitir profissionalismo e organiza\u00e7\u00e3o come\u00e7a pela compreens\u00e3o de que a recep\u00e7\u00e3o \u00e9 um dos espa\u00e7os mais sens\u00edveis da empresa. \u00c9 nela que visitantes, clientes, parceiros, fornecedores e candidatos formam suas primeiras impress\u00f5es sobre a marca, a estrutura e o padr\u00e3o de atendimento.<\/p>\n\n\n\n<p>Uma recep\u00e7\u00e3o corporativa bem planejada n\u00e3o serve apenas para acomodar pessoas por alguns minutos. Ela orienta fluxos, apoia o atendimento, refor\u00e7a a identidade visual da empresa e contribui para a percep\u00e7\u00e3o de ordem. Quando o mobili\u00e1rio \u00e9 escolhido sem crit\u00e9rio, o ambiente pode parecer improvisado, mesmo quando o restante da estrutura \u00e9 tecnicamente eficiente.<\/p>\n\n\n\n<p>Gestores, arquitetos e respons\u00e1veis por facilities precisam olhar para a recep\u00e7\u00e3o como um espa\u00e7o funcional e institucional ao mesmo tempo. O que esse ambiente comunica logo na entrada? Ele transmite profissionalismo ou passa sensa\u00e7\u00e3o de desorganiza\u00e7\u00e3o? Essas perguntas devem orientar cada decis\u00e3o relacionada ao projeto.<\/p>\n\n\n\n<p>Quer otimizar o layout do seu ambiente corporativo? Solicite uma avalia\u00e7\u00e3o t\u00e9cnica.<\/p>\n\n\n\n<div id=\"ez-toc-container\" class=\"ez-toc-v2_0_80 counter-hierarchy ez-toc-counter ez-toc-grey ez-toc-container-direction\">\n<div class=\"ez-toc-title-container\">\n<p class=\"ez-toc-title\" style=\"cursor:inherit\">T\u00f3picos do artigo<\/p>\n<span class=\"ez-toc-title-toggle\"><a href=\"#\" class=\"ez-toc-pull-right ez-toc-btn ez-toc-btn-xs ez-toc-btn-default ez-toc-toggle\" aria-label=\"Alternar tabela de conte\u00fado\"><span class=\"ez-toc-js-icon-con\"><span class=\"\"><span class=\"eztoc-hide\" style=\"display:none;\">Toggle<\/span><span class=\"ez-toc-icon-toggle-span\"><svg style=\"fill: #999;color:#999\" xmlns=\"http:\/\/www.w3.org\/2000\/svg\" class=\"list-377408\" width=\"20px\" height=\"20px\" viewBox=\"0 0 24 24\" fill=\"none\"><path d=\"M6 6H4v2h2V6zm14 0H8v2h12V6zM4 11h2v2H4v-2zm16 0H8v2h12v-2zM4 16h2v2H4v-2zm16 0H8v2h12v-2z\" fill=\"currentColor\"><\/path><\/svg><svg style=\"fill: #999;color:#999\" class=\"arrow-unsorted-368013\" xmlns=\"http:\/\/www.w3.org\/2000\/svg\" width=\"10px\" height=\"10px\" viewBox=\"0 0 24 24\" version=\"1.2\" baseProfile=\"tiny\"><path d=\"M18.2 9.3l-6.2-6.3-6.2 6.3c-.2.2-.3.4-.3.7s.1.5.3.7c.2.2.4.3.7.3h11c.3 0 .5-.1.7-.3.2-.2.3-.5.3-.7s-.1-.5-.3-.7zM5.8 14.7l6.2 6.3 6.2-6.3c.2-.2.3-.5.3-.7s-.1-.5-.3-.7c-.2-.2-.4-.3-.7-.3h-11c-.3 0-.5.1-.7.3-.2.2-.3.5-.3.7s.1.5.3.7z\"\/><\/svg><\/span><\/span><\/span><\/a><\/span><\/div>\n<nav><ul class='ez-toc-list ez-toc-list-level-1 ' ><li class='ez-toc-page-1 ez-toc-heading-level-2'><a class=\"ez-toc-link ez-toc-heading-1\" href=\"https:\/\/www.sistemamoveis.com.br\/blog\/moveis-para-recepcao-corporativa-o-que-considerar-para-transmitir-profissionalismo-e-organizacao\/#Como_a_recepcao_impacta_a_imagem_profissional_da_empresa\" >Como a recep\u00e7\u00e3o impacta a imagem profissional da empresa<\/a><ul class='ez-toc-list-level-3' ><li class='ez-toc-heading-level-3'><a class=\"ez-toc-link ez-toc-heading-2\" href=\"https:\/\/www.sistemamoveis.com.br\/blog\/moveis-para-recepcao-corporativa-o-que-considerar-para-transmitir-profissionalismo-e-organizacao\/#Padronizacao_visual_como_reforco_de_identidade\" >Padroniza\u00e7\u00e3o visual como refor\u00e7o de identidade<\/a><\/li><\/ul><\/li><li class='ez-toc-page-1 ez-toc-heading-level-2'><a class=\"ez-toc-link ez-toc-heading-3\" href=\"https:\/\/www.sistemamoveis.com.br\/blog\/moveis-para-recepcao-corporativa-o-que-considerar-para-transmitir-profissionalismo-e-organizacao\/#O_que_avaliar_na_escolha_do_balcao_de_recepcao\" >O que avaliar na escolha do balc\u00e3o de recep\u00e7\u00e3o<\/a><ul class='ez-toc-list-level-3' ><li class='ez-toc-heading-level-3'><a class=\"ez-toc-link ez-toc-heading-4\" href=\"https:\/\/www.sistemamoveis.com.br\/blog\/moveis-para-recepcao-corporativa-o-que-considerar-para-transmitir-profissionalismo-e-organizacao\/#Dimensoes_compativeis_com_o_espaco_disponivel\" >Dimens\u00f5es compat\u00edveis com o espa\u00e7o dispon\u00edvel<\/a><\/li><li class='ez-toc-page-1 ez-toc-heading-level-3'><a class=\"ez-toc-link ez-toc-heading-5\" href=\"https:\/\/www.sistemamoveis.com.br\/blog\/moveis-para-recepcao-corporativa-o-que-considerar-para-transmitir-profissionalismo-e-organizacao\/#Acessibilidade_e_acolhimento_tambem_contam\" >Acessibilidade e acolhimento tamb\u00e9m contam<\/a><\/li><\/ul><\/li><li class='ez-toc-page-1 ez-toc-heading-level-2'><a class=\"ez-toc-link ez-toc-heading-6\" href=\"https:\/\/www.sistemamoveis.com.br\/blog\/moveis-para-recepcao-corporativa-o-que-considerar-para-transmitir-profissionalismo-e-organizacao\/#Assentos_para_recepcao_conforto_resistencia_e_coerencia_visual\" >Assentos para recep\u00e7\u00e3o: conforto, resist\u00eancia e coer\u00eancia visual<\/a><ul class='ez-toc-list-level-3' ><li class='ez-toc-heading-level-3'><a class=\"ez-toc-link ez-toc-heading-7\" href=\"https:\/\/www.sistemamoveis.com.br\/blog\/moveis-para-recepcao-corporativa-o-que-considerar-para-transmitir-profissionalismo-e-organizacao\/#O_equilibrio_entre_acolhimento_e_postura_profissional\" >O equil\u00edbrio entre acolhimento e postura profissional<\/a><\/li><li class='ez-toc-page-1 ez-toc-heading-level-3'><a class=\"ez-toc-link ez-toc-heading-8\" href=\"https:\/\/www.sistemamoveis.com.br\/blog\/moveis-para-recepcao-corporativa-o-que-considerar-para-transmitir-profissionalismo-e-organizacao\/#Distribuicao_dos_assentos_e_circulacao\" >Distribui\u00e7\u00e3o dos assentos e circula\u00e7\u00e3o<\/a><\/li><\/ul><\/li><li class='ez-toc-page-1 ez-toc-heading-level-2'><a class=\"ez-toc-link ez-toc-heading-9\" href=\"https:\/\/www.sistemamoveis.com.br\/blog\/moveis-para-recepcao-corporativa-o-que-considerar-para-transmitir-profissionalismo-e-organizacao\/#Organizacao_visual_e_apoio_operacional_no_dia_a_dia\" >Organiza\u00e7\u00e3o visual e apoio operacional no dia a dia<\/a><ul class='ez-toc-list-level-3' ><li class='ez-toc-heading-level-3'><a class=\"ez-toc-link ez-toc-heading-10\" href=\"https:\/\/www.sistemamoveis.com.br\/blog\/moveis-para-recepcao-corporativa-o-que-considerar-para-transmitir-profissionalismo-e-organizacao\/#Armarios_gavetas_e_nichos_funcionais\" >Arm\u00e1rios, gavetas e nichos funcionais<\/a><\/li><li class='ez-toc-page-1 ez-toc-heading-level-3'><a class=\"ez-toc-link ez-toc-heading-11\" href=\"https:\/\/www.sistemamoveis.com.br\/blog\/moveis-para-recepcao-corporativa-o-que-considerar-para-transmitir-profissionalismo-e-organizacao\/#Organizacao_como_parte_da_produtividade\" >Organiza\u00e7\u00e3o como parte da produtividade<\/a><\/li><\/ul><\/li><li class='ez-toc-page-1 ez-toc-heading-level-2'><a class=\"ez-toc-link ez-toc-heading-12\" href=\"https:\/\/www.sistemamoveis.com.br\/blog\/moveis-para-recepcao-corporativa-o-que-considerar-para-transmitir-profissionalismo-e-organizacao\/#Materiais_e_acabamentos_durabilidade_sem_perder_a_estetica\" >Materiais e acabamentos: durabilidade sem perder a est\u00e9tica<\/a><ul class='ez-toc-list-level-3' ><li class='ez-toc-heading-level-3'><a class=\"ez-toc-link ez-toc-heading-13\" href=\"https:\/\/www.sistemamoveis.com.br\/blog\/moveis-para-recepcao-corporativa-o-que-considerar-para-transmitir-profissionalismo-e-organizacao\/#Resistencia_compativel_com_o_uso_corporativo\" >Resist\u00eancia compat\u00edvel com o uso corporativo<\/a><\/li><li class='ez-toc-page-1 ez-toc-heading-level-3'><a class=\"ez-toc-link ez-toc-heading-14\" href=\"https:\/\/www.sistemamoveis.com.br\/blog\/moveis-para-recepcao-corporativa-o-que-considerar-para-transmitir-profissionalismo-e-organizacao\/#Acabamentos_alinhados_a_marca\" >Acabamentos alinhados \u00e0 marca<\/a><\/li><\/ul><\/li><li class='ez-toc-page-1 ez-toc-heading-level-2'><a class=\"ez-toc-link ez-toc-heading-15\" href=\"https:\/\/www.sistemamoveis.com.br\/blog\/moveis-para-recepcao-corporativa-o-que-considerar-para-transmitir-profissionalismo-e-organizacao\/#Layout_inteligente_para_recepcao_corporativa\" >Layout inteligente para recep\u00e7\u00e3o corporativa<\/a><ul class='ez-toc-list-level-3' ><li class='ez-toc-heading-level-3'><a class=\"ez-toc-link ez-toc-heading-16\" href=\"https:\/\/www.sistemamoveis.com.br\/blog\/moveis-para-recepcao-corporativa-o-que-considerar-para-transmitir-profissionalismo-e-organizacao\/#Integracao_com_os_demais_ambientes\" >Integra\u00e7\u00e3o com os demais ambientes<\/a><\/li><li class='ez-toc-page-1 ez-toc-heading-level-3'><a class=\"ez-toc-link ez-toc-heading-17\" href=\"https:\/\/www.sistemamoveis.com.br\/blog\/moveis-para-recepcao-corporativa-o-que-considerar-para-transmitir-profissionalismo-e-organizacao\/#Aproveitamento_inteligente_da_metragem\" >Aproveitamento inteligente da metragem<\/a><\/li><\/ul><\/li><li class='ez-toc-page-1 ez-toc-heading-level-2'><a class=\"ez-toc-link ez-toc-heading-18\" href=\"https:\/\/www.sistemamoveis.com.br\/blog\/moveis-para-recepcao-corporativa-o-que-considerar-para-transmitir-profissionalismo-e-organizacao\/#Ergonomia_para_quem_trabalha_na_recepcao\" >Ergonomia para quem trabalha na recep\u00e7\u00e3o<\/a><ul class='ez-toc-list-level-3' ><li class='ez-toc-heading-level-3'><a class=\"ez-toc-link ez-toc-heading-19\" href=\"https:\/\/www.sistemamoveis.com.br\/blog\/moveis-para-recepcao-corporativa-o-que-considerar-para-transmitir-profissionalismo-e-organizacao\/#Posto_de_trabalho_funcional_e_confortavel\" >Posto de trabalho funcional e confort\u00e1vel<\/a><\/li><li class='ez-toc-page-1 ez-toc-heading-level-3'><a class=\"ez-toc-link ez-toc-heading-20\" href=\"https:\/\/www.sistemamoveis.com.br\/blog\/moveis-para-recepcao-corporativa-o-que-considerar-para-transmitir-profissionalismo-e-organizacao\/#Ergonomia_como_valor_institucional\" >Ergonomia como valor institucional<\/a><\/li><\/ul><\/li><li class='ez-toc-page-1 ez-toc-heading-level-2'><a class=\"ez-toc-link ez-toc-heading-21\" href=\"https:\/\/www.sistemamoveis.com.br\/blog\/moveis-para-recepcao-corporativa-o-que-considerar-para-transmitir-profissionalismo-e-organizacao\/#Quando_vale_optar_por_moveis_sob_medida\" >Quando vale optar por m\u00f3veis sob medida<\/a><ul class='ez-toc-list-level-3' ><li class='ez-toc-heading-level-3'><a class=\"ez-toc-link ez-toc-heading-22\" href=\"https:\/\/www.sistemamoveis.com.br\/blog\/moveis-para-recepcao-corporativa-o-que-considerar-para-transmitir-profissionalismo-e-organizacao\/#Personalizacao_com_foco_tecnico\" >Personaliza\u00e7\u00e3o com foco t\u00e9cnico<\/a><\/li><li class='ez-toc-page-1 ez-toc-heading-level-3'><a class=\"ez-toc-link ez-toc-heading-23\" href=\"https:\/\/www.sistemamoveis.com.br\/blog\/moveis-para-recepcao-corporativa-o-que-considerar-para-transmitir-profissionalismo-e-organizacao\/#Mais_coerencia_no_resultado_final\" >Mais coer\u00eancia no resultado final<\/a><\/li><\/ul><\/li><li class='ez-toc-page-1 ez-toc-heading-level-2'><a class=\"ez-toc-link ez-toc-heading-24\" href=\"https:\/\/www.sistemamoveis.com.br\/blog\/moveis-para-recepcao-corporativa-o-que-considerar-para-transmitir-profissionalismo-e-organizacao\/#Criterios_finais_para_escolher_melhor\" >Crit\u00e9rios finais para escolher melhor<\/a><\/li><li class='ez-toc-page-1 ez-toc-heading-level-2'><a class=\"ez-toc-link ez-toc-heading-25\" href=\"https:\/\/www.sistemamoveis.com.br\/blog\/moveis-para-recepcao-corporativa-o-que-considerar-para-transmitir-profissionalismo-e-organizacao\/#FAQ_%E2%80%94_Perguntas_frequentes\" >FAQ \u2014 Perguntas frequentes<\/a><ul class='ez-toc-list-level-3' ><li class='ez-toc-heading-level-3'><a class=\"ez-toc-link ez-toc-heading-26\" href=\"https:\/\/www.sistemamoveis.com.br\/blog\/moveis-para-recepcao-corporativa-o-que-considerar-para-transmitir-profissionalismo-e-organizacao\/#1_Qual_e_o_principal_movel_de_uma_recepcao_corporativa\" >1. Qual \u00e9 o principal m\u00f3vel de uma recep\u00e7\u00e3o corporativa?<\/a><\/li><li class='ez-toc-page-1 ez-toc-heading-level-3'><a class=\"ez-toc-link ez-toc-heading-27\" href=\"https:\/\/www.sistemamoveis.com.br\/blog\/moveis-para-recepcao-corporativa-o-que-considerar-para-transmitir-profissionalismo-e-organizacao\/#2_Vale_a_pena_investir_em_moveis_sob_medida_para_recepcao\" >2. Vale a pena investir em m\u00f3veis sob medida para recep\u00e7\u00e3o?<\/a><\/li><li class='ez-toc-page-1 ez-toc-heading-level-3'><a class=\"ez-toc-link ez-toc-heading-28\" href=\"https:\/\/www.sistemamoveis.com.br\/blog\/moveis-para-recepcao-corporativa-o-que-considerar-para-transmitir-profissionalismo-e-organizacao\/#3_Ergonomia_e_importante_tambem_na_recepcao\" >3. Ergonomia \u00e9 importante tamb\u00e9m na recep\u00e7\u00e3o?<\/a><\/li><li class='ez-toc-page-1 ez-toc-heading-level-3'><a class=\"ez-toc-link ez-toc-heading-29\" href=\"https:\/\/www.sistemamoveis.com.br\/blog\/moveis-para-recepcao-corporativa-o-que-considerar-para-transmitir-profissionalismo-e-organizacao\/#4_A_Sistema_Moveis_atende_apenas_escritorios\" >4. A Sistema M\u00f3veis atende apenas escrit\u00f3rios?<\/a><\/li><li class='ez-toc-page-1 ez-toc-heading-level-3'><a class=\"ez-toc-link ez-toc-heading-30\" href=\"https:\/\/www.sistemamoveis.com.br\/blog\/moveis-para-recepcao-corporativa-o-que-considerar-para-transmitir-profissionalismo-e-organizacao\/#5_Ha_depoimentos_de_clientes_sobre_os_projetos\" >5. H\u00e1 depoimentos de clientes sobre os projetos?<\/a><\/li><\/ul><\/li><\/ul><\/nav><\/div>\n<h2 class=\"wp-block-heading\"><span class=\"ez-toc-section\" id=\"Como_a_recepcao_impacta_a_imagem_profissional_da_empresa\"><\/span><a><\/a> <strong>Como a recep\u00e7\u00e3o impacta a imagem profissional da empresa<\/strong><span class=\"ez-toc-section-end\"><\/span><\/h2>\n\n\n\n<p>A recep\u00e7\u00e3o funciona como uma extens\u00e3o direta da cultura organizacional. Quando o ambiente apresenta m\u00f3veis despadronizados, circula\u00e7\u00e3o ruim e layout mal resolvido, a imagem transmitida ao p\u00fablico pode ser negativa. Em contrapartida, quando h\u00e1 coer\u00eancia entre mobili\u00e1rio, atendimento e organiza\u00e7\u00e3o visual, a percep\u00e7\u00e3o tende a ser mais positiva e segura.<\/p>\n\n\n\n<p>Empresas que recebem clientes com frequ\u00eancia precisam redobrar a aten\u00e7\u00e3o com esse espa\u00e7o. Em segmentos como sa\u00fade, educa\u00e7\u00e3o, tecnologia, ind\u00fastria, advocacia e servi\u00e7os corporativos, a recep\u00e7\u00e3o ajuda a consolidar confian\u00e7a. Afinal, quem entra em uma empresa espera encontrar um ambiente que demonstre preparo, clareza e bom funcionamento.<\/p>\n\n\n\n<p>Levantamentos recentes mostram aumento na preocupa\u00e7\u00e3o de gestores com ergonomia, organiza\u00e7\u00e3o dos ambientes e inadequa\u00e7\u00e3o do mobili\u00e1rio corporativo, fatores que impactam diretamente produtividade e imagem profissional das empresas. Isso refor\u00e7a a necessidade de integrar a recep\u00e7\u00e3o ao planejamento global do ambiente corporativo.<\/p>\n\n\n\n<h3 class=\"wp-block-heading\"><span class=\"ez-toc-section\" id=\"Padronizacao_visual_como_reforco_de_identidade\"><\/span><a><\/a> <strong>Padroniza\u00e7\u00e3o visual como refor\u00e7o de identidade<\/strong><span class=\"ez-toc-section-end\"><\/span><\/h3>\n\n\n\n<p>Quando a recep\u00e7\u00e3o conversa visualmente com salas de reuni\u00e3o, \u00e1reas administrativas e demais espa\u00e7os da empresa, o resultado tende a ser mais profissional. A padroniza\u00e7\u00e3o de cores, materiais, acabamentos e formas gera uma leitura mais organizada do ambiente.<\/p>\n\n\n\n<p>Esse alinhamento n\u00e3o depende de exageros est\u00e9ticos. Na pr\u00e1tica, o mais importante \u00e9 que o mobili\u00e1rio seja coerente com a proposta da marca e com a rotina de uso. Uma empresa que deseja transmitir seriedade, por exemplo, deve evitar composi\u00e7\u00f5es aleat\u00f3rias ou m\u00f3veis que comprometam a sobriedade do ambiente.<\/p>\n\n\n\n<p>Busca solu\u00e7\u00f5es corporativas eficientes e dur\u00e1veis? Converse com a Sistema M\u00f3veis.<\/p>\n\n\n\n<h2 class=\"wp-block-heading\"><span class=\"ez-toc-section\" id=\"O_que_avaliar_na_escolha_do_balcao_de_recepcao\"><\/span><a><\/a> <strong>O que avaliar na escolha do balc\u00e3o de recep\u00e7\u00e3o<\/strong><span class=\"ez-toc-section-end\"><\/span><\/h2>\n\n\n\n<p>O balc\u00e3o de recep\u00e7\u00e3o \u00e9 a pe\u00e7a central desse espa\u00e7o. Ele organiza o posto de atendimento, define a rela\u00e7\u00e3o entre colaborador e visitante e contribui para a leitura inicial do ambiente. Por isso, sua escolha precisa considerar mais do que est\u00e9tica.<\/p>\n\n\n\n<p>Altura, profundidade, largura, \u00e1rea de apoio, passagem de cabos, espa\u00e7o para equipamentos e privacidade operacional s\u00e3o fatores essenciais. Um balc\u00e3o bonito, mas desconfort\u00e1vel para a equipe, tende a gerar dificuldades di\u00e1rias. Da mesma forma, um modelo desproporcional ao ambiente pode prejudicar a circula\u00e7\u00e3o e tornar a recep\u00e7\u00e3o visualmente pesada.<\/p>\n\n\n\n<h3 class=\"wp-block-heading\"><span class=\"ez-toc-section\" id=\"Dimensoes_compativeis_com_o_espaco_disponivel\"><\/span><a><\/a> <strong>Dimens\u00f5es compat\u00edveis com o espa\u00e7o dispon\u00edvel<\/strong><span class=\"ez-toc-section-end\"><\/span><\/h3>\n\n\n\n<p>Recep\u00e7\u00f5es compactas exigem solu\u00e7\u00f5es inteligentes. Em \u00e1reas pequenas, um balc\u00e3o muito robusto reduz fluidez e compromete a experi\u00eancia de quem entra. J\u00e1 em \u00e1reas amplas, pe\u00e7as subdimensionadas podem parecer deslocadas ou pouco funcionais.<\/p>\n\n\n\n<p>O ideal \u00e9 que o balc\u00e3o seja planejado com base na metragem, no fluxo de pessoas e nas atividades realizadas no atendimento. H\u00e1 necessidade de computador, telefone, documentos, triagem de visitantes ou apoio administrativo? Tudo isso influencia a especifica\u00e7\u00e3o.<\/p>\n\n\n\n<h3 class=\"wp-block-heading\"><span class=\"ez-toc-section\" id=\"Acessibilidade_e_acolhimento_tambem_contam\"><\/span><a><\/a> <strong>Acessibilidade e acolhimento tamb\u00e9m contam<\/strong><span class=\"ez-toc-section-end\"><\/span><\/h3>\n\n\n\n<p>Outro ponto t\u00e9cnico importante \u00e9 a acessibilidade. O projeto precisa considerar diferentes perfis de usu\u00e1rios, inclusive pessoas com mobilidade reduzida. Esse cuidado refor\u00e7a inclus\u00e3o, respeito e adequa\u00e7\u00e3o funcional.<\/p>\n\n\n\n<p>Uma empresa que se preocupa com acessibilidade demonstra aten\u00e7\u00e3o real ao uso do espa\u00e7o. E n\u00e3o \u00e9 isso que se espera de ambientes corporativos bem estruturados?<\/p>\n\n\n\n<p>Precisa de m\u00f3veis sob medida para seu escrit\u00f3rio? Fale com especialistas.<\/p>\n\n\n\n<h2 class=\"wp-block-heading\"><span class=\"ez-toc-section\" id=\"Assentos_para_recepcao_conforto_resistencia_e_coerencia_visual\"><\/span><a><\/a> <strong>Assentos para recep\u00e7\u00e3o: conforto, resist\u00eancia e coer\u00eancia visual<\/strong><span class=\"ez-toc-section-end\"><\/span><\/h2>\n\n\n\n<p>A \u00e1rea de espera \u00e9 parte decisiva da experi\u00eancia do visitante. Os assentos escolhidos devem oferecer conforto compat\u00edvel com o tempo m\u00e9dio de perman\u00eancia e, ao mesmo tempo, manter coer\u00eancia com a proposta institucional da empresa.<\/p>\n\n\n\n<p>Cadeiras, longarinas, poltronas e sof\u00e1s corporativos podem funcionar bem, desde que estejam alinhados ao uso real. Em uma recep\u00e7\u00e3o com alta rotatividade, modelos de f\u00e1cil manuten\u00e7\u00e3o e grande resist\u00eancia costumam ser mais adequados. Em espa\u00e7os com espera um pouco mais longa, o conforto deve receber aten\u00e7\u00e3o adicional.<\/p>\n\n\n\n<h3 class=\"wp-block-heading\"><span class=\"ez-toc-section\" id=\"O_equilibrio_entre_acolhimento_e_postura_profissional\"><\/span><a><\/a> <strong>O equil\u00edbrio entre acolhimento e postura profissional<\/strong><span class=\"ez-toc-section-end\"><\/span><\/h3>\n\n\n\n<p>O ambiente precisa acolher, mas sem perder formalidade quando o perfil da empresa exige isso. Assentos excessivamente informais podem comprometer a imagem institucional. Por outro lado, m\u00f3veis r\u00edgidos demais podem tornar a espera desconfort\u00e1vel e afetar a percep\u00e7\u00e3o do p\u00fablico.<\/p>\n\n\n\n<p>A ergonomia aplicada ao ambiente de trabalho tamb\u00e9m pode ser estendida \u00e0 recep\u00e7\u00e3o. Embora o visitante permane\u00e7a ali por menos tempo, a qualidade do mobili\u00e1rio influencia diretamente a experi\u00eancia do espa\u00e7o.<\/p>\n\n\n\n<h3 class=\"wp-block-heading\"><span class=\"ez-toc-section\" id=\"Distribuicao_dos_assentos_e_circulacao\"><\/span><a><\/a> <strong>Distribui\u00e7\u00e3o dos assentos e circula\u00e7\u00e3o<\/strong><span class=\"ez-toc-section-end\"><\/span><\/h3>\n\n\n\n<p>N\u00e3o basta escolher assentos adequados. \u00c9 fundamental posicion\u00e1-los corretamente para preservar fluidez, conforto e leitura visual do ambiente. Uma recep\u00e7\u00e3o apertada, com m\u00f3veis mal distribu\u00eddos, transmite sensa\u00e7\u00e3o de improviso.<\/p>\n\n\n\n<p>Quando o layout \u00e9 bem resolvido, a entrada, o atendimento e a espera funcionam de forma mais natural. O visitante entende com facilidade onde deve aguardar e por onde deve circular. Isso reduz ru\u00eddos no atendimento e melhora a organiza\u00e7\u00e3o geral.<\/p>\n\n\n\n<p>\u201cEncontramos solu\u00e7\u00f5es sob medida para o nosso escrit\u00f3rio, com \u00f3timo aproveitamento do espa\u00e7o.\u201d \u2013 Cliente Sistema M\u00f3veis<\/p>\n\n\n\n<p>Deseja melhorar ergonomia e organiza\u00e7\u00e3o no ambiente de trabalho? Solicite um projeto.<\/p>\n\n\n\n<h2 class=\"wp-block-heading\"><span class=\"ez-toc-section\" id=\"Organizacao_visual_e_apoio_operacional_no_dia_a_dia\"><\/span><a><\/a> <strong>Organiza\u00e7\u00e3o visual e apoio operacional no dia a dia<\/strong><span class=\"ez-toc-section-end\"><\/span><\/h2>\n\n\n\n<p>Recep\u00e7\u00f5es corporativas precisam manter apar\u00eancia organizada ao longo de toda a rotina. Para isso, \u00e9 indispens\u00e1vel pensar em solu\u00e7\u00f5es de apoio que ajudem a ocultar materiais, organizar documentos e reduzir interfer\u00eancias visuais.<\/p>\n\n\n\n<p>Fios aparentes, objetos soltos, excesso de pap\u00e9is e superf\u00edcies sobrecarregadas comprometem o profissionalismo do ambiente. Muitas vezes, esse problema n\u00e3o decorre da equipe, mas da aus\u00eancia de mobili\u00e1rio adequado para a opera\u00e7\u00e3o di\u00e1ria.<\/p>\n\n\n\n<h3 class=\"wp-block-heading\"><span class=\"ez-toc-section\" id=\"Armarios_gavetas_e_nichos_funcionais\"><\/span><a><\/a> <strong>Arm\u00e1rios, gavetas e nichos funcionais<\/strong><span class=\"ez-toc-section-end\"><\/span><\/h3>\n\n\n\n<p>Arm\u00e1rios baixos, gaveteiros, nichos fechados e m\u00f3dulos de apoio integrados ao balc\u00e3o ajudam a manter o posto de atendimento limpo e eficiente. Esses elementos precisam ser pensados de forma discreta, sem poluir visualmente o espa\u00e7o.<\/p>\n\n\n\n<p>A funcionalidade deve orientar a escolha de cada solu\u00e7\u00e3o. Onde ficar\u00e3o os itens de uso frequente? Como ser\u00e1 feito o armazenamento de documentos? Como os equipamentos ser\u00e3o acomodados? Um projeto t\u00e9cnico resolve essas quest\u00f5es antes da instala\u00e7\u00e3o do mobili\u00e1rio.<\/p>\n\n\n\n<h3 class=\"wp-block-heading\"><span class=\"ez-toc-section\" id=\"Organizacao_como_parte_da_produtividade\"><\/span><a><\/a> <strong>Organiza\u00e7\u00e3o como parte da produtividade<\/strong><span class=\"ez-toc-section-end\"><\/span><\/h3>\n\n\n\n<p>Uma recep\u00e7\u00e3o organizada tamb\u00e9m melhora a efici\u00eancia operacional. Quanto menos improviso, mais fluidez no atendimento. Quando a equipe encontra rapidamente o que precisa e trabalha em um posto racionalmente estruturado, o desempenho tende a ser mais consistente.<\/p>\n\n\n\n<p>A Sistema M\u00f3veis atua com atendimento consultivo, projeto de mobili\u00e1rio corporativo e solu\u00e7\u00f5es sob medida que ajudam empresas a estruturar recep\u00e7\u00f5es mais organizadas, funcionais e coerentes com sua identidade.<\/p>\n\n\n\n<h2 class=\"wp-block-heading\"><span class=\"ez-toc-section\" id=\"Materiais_e_acabamentos_durabilidade_sem_perder_a_estetica\"><\/span><a><\/a> <strong>Materiais e acabamentos: durabilidade sem perder a est\u00e9tica<\/strong><span class=\"ez-toc-section-end\"><\/span><\/h2>\n\n\n\n<p>A recep\u00e7\u00e3o \u00e9 um ambiente de uso intenso. Por isso, os materiais escolhidos devem suportar circula\u00e7\u00e3o frequente, higieniza\u00e7\u00e3o recorrente e contato constante sem perda prematura de desempenho visual.<\/p>\n\n\n\n<p>Superf\u00edcies fr\u00e1geis, revestimentos inadequados ou acabamentos pouco resistentes tendem a exigir trocas precoces. Isso aumenta custos e compromete a imagem do espa\u00e7o. Um ambiente corporativo precisa manter boa apar\u00eancia no longo prazo, e n\u00e3o apenas no momento da instala\u00e7\u00e3o.<\/p>\n\n\n\n<h3 class=\"wp-block-heading\"><span class=\"ez-toc-section\" id=\"Resistencia_compativel_com_o_uso_corporativo\"><\/span><a><\/a> <strong>Resist\u00eancia compat\u00edvel com o uso corporativo<\/strong><span class=\"ez-toc-section-end\"><\/span><\/h3>\n\n\n\n<p>Ao especificar o mobili\u00e1rio, \u00e9 importante considerar frequ\u00eancia de uso, volume de atendimento e perfil do p\u00fablico. Recep\u00e7\u00f5es com grande circula\u00e7\u00e3o exigem materiais com melhor desempenho estrutural e manuten\u00e7\u00e3o simplificada.<\/p>\n\n\n\n<p>Al\u00e9m da resist\u00eancia, a facilidade de limpeza deve ser observada. Ambientes profissionais precisam de solu\u00e7\u00f5es pr\u00e1ticas, que permitam conserva\u00e7\u00e3o eficiente sem comprometer o acabamento.<\/p>\n\n\n\n<h3 class=\"wp-block-heading\"><span class=\"ez-toc-section\" id=\"Acabamentos_alinhados_a_marca\"><\/span><a><\/a> <strong>Acabamentos alinhados \u00e0 marca<\/strong><span class=\"ez-toc-section-end\"><\/span><\/h3>\n\n\n\n<p>Os acabamentos devem refletir a proposta visual da empresa. Em alguns casos, tons neutros e linhas s\u00f3brias refor\u00e7am eleg\u00e2ncia e credibilidade. Em outros, detalhes de cor podem valorizar a identidade visual sem excessos.<\/p>\n\n\n\n<p>O mais importante \u00e9 evitar escolhas desconectadas da linguagem institucional. Uma recep\u00e7\u00e3o bem constru\u00edda precisa parecer parte natural da empresa, e n\u00e3o um ambiente montado sem integra\u00e7\u00e3o com o restante do espa\u00e7o.<\/p>\n\n\n\n<p>Quer padronizar seu mobili\u00e1rio corporativo com efici\u00eancia? Solicite orienta\u00e7\u00e3o t\u00e9cnica.<\/p>\n\n\n\n<p>\u201cDesde o projeto at\u00e9 a montagem, tudo foi feito com muito profissionalismo e organiza\u00e7\u00e3o.\u201d \u2013 Cliente Sistema M\u00f3veis<\/p>\n\n\n\n<h2 class=\"wp-block-heading\"><span class=\"ez-toc-section\" id=\"Layout_inteligente_para_recepcao_corporativa\"><\/span><a><\/a> <strong>Layout inteligente para recep\u00e7\u00e3o corporativa<\/strong><span class=\"ez-toc-section-end\"><\/span><\/h2>\n\n\n\n<p>A efici\u00eancia da recep\u00e7\u00e3o depende tanto do mobili\u00e1rio quanto da forma como ele \u00e9 distribu\u00eddo. O layout precisa facilitar orienta\u00e7\u00e3o, circula\u00e7\u00e3o e atendimento. Quando isso n\u00e3o acontece, at\u00e9 bons m\u00f3veis perdem efici\u00eancia.<\/p>\n\n\n\n<p>Quem entra no ambiente deve compreender rapidamente onde buscar informa\u00e7\u00f5es, onde aguardar e como se deslocar. Recep\u00e7\u00f5es confusas geram desconforto e dificultam o trabalho da equipe. Ser\u00e1 que vale investir em mobili\u00e1rio de qualidade sem planejar corretamente o layout?<\/p>\n\n\n\n<h3 class=\"wp-block-heading\"><span class=\"ez-toc-section\" id=\"Integracao_com_os_demais_ambientes\"><\/span><a><\/a> <strong>Integra\u00e7\u00e3o com os demais ambientes<\/strong><span class=\"ez-toc-section-end\"><\/span><\/h3>\n\n\n\n<p>A recep\u00e7\u00e3o n\u00e3o deve ser tratada como um espa\u00e7o isolado. Ela geralmente se conecta a salas de reuni\u00e3o, corredores administrativos, \u00e1reas de espera, controles de acesso e setores internos. Isso significa que o projeto precisa dialogar com a opera\u00e7\u00e3o geral da empresa.<\/p>\n\n\n\n<p>A padroniza\u00e7\u00e3o entre os ambientes fortalece identidade, melhora a leitura do espa\u00e7o e transmite organiza\u00e7\u00e3o. Esse cuidado \u00e9 especialmente importante em empresas que recebem diferentes p\u00fablicos ao longo do dia.<\/p>\n\n\n\n<h3 class=\"wp-block-heading\"><span class=\"ez-toc-section\" id=\"Aproveitamento_inteligente_da_metragem\"><\/span><a><\/a> <strong>Aproveitamento inteligente da metragem<\/strong><span class=\"ez-toc-section-end\"><\/span><\/h3>\n\n\n\n<p>Mesmo ambientes menores podem ter bom desempenho quando o mobili\u00e1rio \u00e9 planejado de forma personalizada. Solu\u00e7\u00f5es sob medida ajudam a aproveitar \u00e1reas compactas, melhorar a circula\u00e7\u00e3o e reduzir desperd\u00edcio de espa\u00e7o.<\/p>\n\n\n\n<p>\u201cEncontramos solu\u00e7\u00f5es sob medida para o nosso escrit\u00f3rio, com \u00f3timo aproveitamento do espa\u00e7o.\u201d \u2013 Cliente Sistema M\u00f3veis<\/p>\n\n\n\n<p>Precisa planejar um ambiente profissional funcional? Entre em contato com consultores.<\/p>\n\n\n\n<p>Aten\u00e7\u00e3o | Atendimento via WhatsApp e e-mail. Condi\u00e7\u00f5es de agenda, disponibilidade de montagem, prazos e log\u00edstica podem variar conforme demanda e confirma\u00e7\u00e3o com a equipe da Sistema M\u00f3veis.<\/p>\n\n\n\n<h2 class=\"wp-block-heading\"><span class=\"ez-toc-section\" id=\"Ergonomia_para_quem_trabalha_na_recepcao\"><\/span><a><\/a> <strong>Ergonomia para quem trabalha na recep\u00e7\u00e3o<\/strong><span class=\"ez-toc-section-end\"><\/span><\/h2>\n\n\n\n<p>A ergonomia n\u00e3o deve ser lembrada apenas em \u00e1reas administrativas internas. O posto de recep\u00e7\u00e3o tamb\u00e9m exige aten\u00e7\u00e3o t\u00e9cnica, j\u00e1 que os profissionais passam horas em atividades que combinam atendimento, uso de computador, telefone, anota\u00e7\u00f5es e intera\u00e7\u00e3o com o p\u00fablico.<\/p>\n\n\n\n<p>Sem o mobili\u00e1rio adequado, o resultado pode ser desconforto, fadiga e queda na qualidade operacional. A altura do tampo, o posicionamento de equipamentos, o espa\u00e7o para movimenta\u00e7\u00e3o e a cadeira utilizada fazem diferen\u00e7a real no dia a dia.<\/p>\n\n\n\n<h3 class=\"wp-block-heading\"><span class=\"ez-toc-section\" id=\"Posto_de_trabalho_funcional_e_confortavel\"><\/span><a><\/a> <strong>Posto de trabalho funcional e confort\u00e1vel<\/strong><span class=\"ez-toc-section-end\"><\/span><\/h3>\n\n\n\n<p>O colaborador da recep\u00e7\u00e3o precisa acessar ferramentas com facilidade e manter postura adequada ao longo da jornada. O projeto deve prever \u00e1reas de apoio, dist\u00e2ncia compat\u00edvel entre equipamentos e circula\u00e7\u00e3o suficiente para que a rotina ocorra sem restri\u00e7\u00f5es.<\/p>\n\n\n\n<p>Ergonomia aplicada ao ambiente de trabalho n\u00e3o \u00e9 detalhe. Trata-se de um crit\u00e9rio t\u00e9cnico que contribui para mais bem-estar e melhor desempenho. Como esperar agilidade e cordialidade em um posto de atendimento mal resolvido?<\/p>\n\n\n\n<h3 class=\"wp-block-heading\"><span class=\"ez-toc-section\" id=\"Ergonomia_como_valor_institucional\"><\/span><a><\/a> <strong>Ergonomia como valor institucional<\/strong><span class=\"ez-toc-section-end\"><\/span><\/h3>\n\n\n\n<p>Quando a empresa investe em mobili\u00e1rio ergonomicamente adequado, ela demonstra aten\u00e7\u00e3o com sua equipe e com a qualidade do ambiente profissional. Isso fortalece n\u00e3o apenas a opera\u00e7\u00e3o, mas tamb\u00e9m a cultura interna.<\/p>\n\n\n\n<p>\u201cA equipe entendeu exatamente nossa necessidade corporativa e entregou dentro do esperado.\u201d \u2013 Cliente Sistema M\u00f3veis<\/p>\n\n\n\n<h2 class=\"wp-block-heading\"><span class=\"ez-toc-section\" id=\"Quando_vale_optar_por_moveis_sob_medida\"><\/span><a><\/a> <strong>Quando vale optar por m\u00f3veis sob medida<\/strong><span class=\"ez-toc-section-end\"><\/span><\/h2>\n\n\n\n<p>Nem toda recep\u00e7\u00e3o se adapta bem a solu\u00e7\u00f5es prontas. Ambientes com geometrias espec\u00edficas, necessidade de identidade visual marcante, limita\u00e7\u00e3o de espa\u00e7o ou alto fluxo de atendimento costumam se beneficiar mais de m\u00f3veis sob medida.<\/p>\n\n\n\n<p>Esse tipo de solu\u00e7\u00e3o permite definir dimens\u00f5es exatas, integrar armazenamento ao balc\u00e3o, melhorar a circula\u00e7\u00e3o e refor\u00e7ar a linguagem visual da empresa. Al\u00e9m disso, reduz improvisos e amplia o aproveitamento do ambiente.<\/p>\n\n\n\n<h3 class=\"wp-block-heading\"><span class=\"ez-toc-section\" id=\"Personalizacao_com_foco_tecnico\"><\/span><a><\/a> <strong>Personaliza\u00e7\u00e3o com foco t\u00e9cnico<\/strong><span class=\"ez-toc-section-end\"><\/span><\/h3>\n\n\n\n<p>Optar por mobili\u00e1rio sob medida n\u00e3o significa apenas personalizar a apar\u00eancia. O principal ganho est\u00e1 na adequa\u00e7\u00e3o funcional. Cada pe\u00e7a passa a responder \u00e0s necessidades reais da opera\u00e7\u00e3o, do espa\u00e7o f\u00edsico e do perfil da empresa.<\/p>\n\n\n\n<p>A Sistema M\u00f3veis oferece solu\u00e7\u00f5es sob medida com atendimento consultivo, projeto de mobili\u00e1rio corporativo, montagem profissional sem custo adicional e assist\u00eancia t\u00e9cnica permanente. Com experi\u00eancia desde 1993, atende empresas de pequeno, m\u00e9dio e grande porte em S\u00e3o Paulo SP e regi\u00f5es corporativas estrat\u00e9gicas.<\/p>\n\n\n\n<h3 class=\"wp-block-heading\"><span class=\"ez-toc-section\" id=\"Mais_coerencia_no_resultado_final\"><\/span><a><\/a> <strong>Mais coer\u00eancia no resultado final<\/strong><span class=\"ez-toc-section-end\"><\/span><\/h3>\n\n\n\n<p>Quando o projeto \u00e9 desenvolvido com vis\u00e3o t\u00e9cnica, a recep\u00e7\u00e3o deixa de ser apenas um ponto de entrada e passa a atuar como um ambiente alinhado \u00e0 estrat\u00e9gia da empresa. O resultado costuma ser mais dur\u00e1vel, organizado e profissional.<\/p>\n\n\n\n<p>Quer transformar sua recep\u00e7\u00e3o em um espa\u00e7o mais funcional e alinhado \u00e0 imagem da empresa? Solicite uma avalia\u00e7\u00e3o t\u00e9cnica.<\/p>\n\n\n\n<h2 class=\"wp-block-heading\"><span class=\"ez-toc-section\" id=\"Criterios_finais_para_escolher_melhor\"><\/span><a><\/a> <strong>Crit\u00e9rios finais para escolher melhor<\/strong><span class=\"ez-toc-section-end\"><\/span><\/h2>\n\n\n\n<p>Antes de fechar qualquer projeto, vale analisar metragem, fluxo di\u00e1rio, perfil do p\u00fablico, tempo de espera, rotina da equipe, necessidades de armazenamento e padr\u00e3o visual desejado. Quanto mais precisa for essa leitura, maior a chance de acerto na especifica\u00e7\u00e3o.<\/p>\n\n\n\n<p>Tamb\u00e9m \u00e9 essencial avaliar a experi\u00eancia do fornecedor. Atendimento consultivo, capacidade de desenvolver solu\u00e7\u00f5es sob medida, montagem profissional e assist\u00eancia t\u00e9cnica permanente fazem diferen\u00e7a na implanta\u00e7\u00e3o do mobili\u00e1rio corporativo.<\/p>\n\n\n\n<p>Uma recep\u00e7\u00e3o bem planejada ajuda a fortalecer a imagem institucional, melhora a funcionalidade do atendimento e valoriza a experi\u00eancia de todos que passam pelo espa\u00e7o. E diante de um mercado cada vez mais competitivo, por que deixar esse ambiente em segundo plano? Para estruturar sua recep\u00e7\u00e3o com mais efici\u00eancia, vale conversar com quem entende de projeto, ergonomia e organiza\u00e7\u00e3o corporativa.<\/p>\n\n\n\n<h2 class=\"wp-block-heading\"><span class=\"ez-toc-section\" id=\"FAQ_%E2%80%94_Perguntas_frequentes\"><\/span><a><\/a> <strong>FAQ \u2014 Perguntas frequentes<\/strong><span class=\"ez-toc-section-end\"><\/span><\/h2>\n\n\n\n<h3 class=\"wp-block-heading\"><span class=\"ez-toc-section\" id=\"1_Qual_e_o_principal_movel_de_uma_recepcao_corporativa\"><\/span><a><\/a> <strong>1. Qual \u00e9 o principal m\u00f3vel de uma recep\u00e7\u00e3o corporativa?<\/strong><span class=\"ez-toc-section-end\"><\/span><\/h3>\n\n\n\n<p>O balc\u00e3o de recep\u00e7\u00e3o costuma ser a pe\u00e7a central, porque organiza o atendimento, apoia a rotina da equipe e influencia a leitura do ambiente.<\/p>\n\n\n\n<h3 class=\"wp-block-heading\"><span class=\"ez-toc-section\" id=\"2_Vale_a_pena_investir_em_moveis_sob_medida_para_recepcao\"><\/span><a><\/a> <strong>2. Vale a pena investir em m\u00f3veis sob medida para recep\u00e7\u00e3o?<\/strong><span class=\"ez-toc-section-end\"><\/span><\/h3>\n\n\n\n<p>Sim. Essa solu\u00e7\u00e3o \u00e9 especialmente indicada quando a empresa precisa otimizar espa\u00e7o, padronizar o ambiente e atender demandas espec\u00edficas de opera\u00e7\u00e3o e imagem.<\/p>\n\n\n\n<h3 class=\"wp-block-heading\"><span class=\"ez-toc-section\" id=\"3_Ergonomia_e_importante_tambem_na_recepcao\"><\/span><a><\/a> <strong>3. Ergonomia \u00e9 importante tamb\u00e9m na recep\u00e7\u00e3o?<\/strong><span class=\"ez-toc-section-end\"><\/span><\/h3>\n\n\n\n<p>Sim. O posto de atendimento deve oferecer conforto, apoio funcional e boa organiza\u00e7\u00e3o para favorecer a rotina do profissional e a qualidade do atendimento.<\/p>\n\n\n\n<h3 class=\"wp-block-heading\"><span class=\"ez-toc-section\" id=\"4_A_Sistema_Moveis_atende_apenas_escritorios\"><\/span><a><\/a> <strong>4. A Sistema M\u00f3veis atende apenas escrit\u00f3rios?<\/strong><span class=\"ez-toc-section-end\"><\/span><\/h3>\n\n\n\n<p>N\u00e3o. A empresa atua com mobili\u00e1rio para escrit\u00f3rios, recep\u00e7\u00e3o, audit\u00f3rios e galp\u00f5es, com capacidade para atender empresas de diferentes portes.<\/p>\n\n\n\n<h3 class=\"wp-block-heading\"><span class=\"ez-toc-section\" id=\"5_Ha_depoimentos_de_clientes_sobre_os_projetos\"><\/span><a><\/a> <strong>5. H\u00e1 depoimentos de clientes sobre os projetos?<\/strong><span class=\"ez-toc-section-end\"><\/span><\/h3>\n\n\n\n<p>Sim. \u201cDesde o projeto at\u00e9 a montagem, tudo foi feito com muito profissionalismo e organiza\u00e7\u00e3o.\u201d \u2013 Cliente Sistema M\u00f3veis<\/p>\n\n\n\n<p>Este conte\u00fado \u00e9 atualizado periodicamente conforme as melhores pr\u00e1ticas de comunica\u00e7\u00e3o respons\u00e1vel em mobili\u00e1rio corporativo, ergonomia, projeto de ambientes profissionais e gest\u00e3o de espa\u00e7os empresariais em S\u00e3o Paulo.<\/p>\n\n\n\n<p>Sua recep\u00e7\u00e3o transmite a imagem que sua empresa realmente deseja comunicar? Para avan\u00e7ar com mais seguran\u00e7a, converse com especialistas.<\/p>\n\n\n\n<p>M\u00f3veis para recep\u00e7\u00e3o corporativa: o que considerar para transmitir profissionalismo e organiza\u00e7\u00e3o<\/p>\n\n\n\n<p><\/p>\n","protected":false},"excerpt":{"rendered":"<p><span class=\"span-reading-time rt-reading-time\" style=\"display: block;\"><span class=\"rt-label rt-prefix\">Tempo de leitura: <\/span> <span class=\"rt-time\"> 9<\/span> <span class=\"rt-label rt-postfix\">minutos<\/span><\/span>M\u00f3veis para recep\u00e7\u00e3o corporativa: o que considerar para transmitir profissionalismo e organiza\u00e7\u00e3o come\u00e7a pela compreens\u00e3o de que a recep\u00e7\u00e3o \u00e9 um dos espa\u00e7os mais sens\u00edveis da empresa. \u00c9 nela que visitantes, clientes, parceiros, fornecedores e candidatos formam suas primeiras impress\u00f5es sobre a marca, a estrutura e o padr\u00e3o de atendimento. Uma recep\u00e7\u00e3o corporativa bem planejada &hellip; <\/p>\n","protected":false},"author":1,"featured_media":310,"comment_status":"open","ping_status":"open","sticky":false,"template":"","format":"standard","meta":{"footnotes":""},"categories":[3],"tags":[1846,1847,1849,1843,1844,1842,1858,1859,1864,1855,1857,1852],"class_list":["post-309","post","type-post","status-publish","format-standard","has-post-thumbnail","hentry","category-moveis-para-escritorio","tag-ambiente-corporativo","tag-ambiente-de-trabalho","tag-auditorio-corporativo","tag-ergonomia","tag-ergonomia-ambiente-corporativo","tag-ergonomia-no-ambiente-de-trabalho","tag-mobiliario-para-auditorios-e-salas-de-treinamento","tag-moveis-corporativos","tag-moveis-para-recepcao-corporativa","tag-moveis-sob-medida-para-escritorios","tag-movel","tag-planejamento-de-layout-corporativo","latest_post"],"yoast_head":"<!-- This site is optimized with the Yoast SEO plugin v27.0 - https:\/\/yoast.com\/product\/yoast-seo-wordpress\/ -->\n<title>M\u00f3veis para recep\u00e7\u00e3o corporativa: o que considerar para transmitir profissionalismo e organiza\u00e7\u00e3o - Sistema M\u00f3veis<\/title>\n<meta name=\"description\" content=\"M\u00f3veis para recep\u00e7\u00e3o corporativa: o que considerar para transmitir profissionalismo e organiza\u00e7\u00e3o come\u00e7a pela compreens\u00e3o de que a recep...\" \/>\n<meta name=\"robots\" content=\"index, follow, max-snippet:-1, max-image-preview:large, max-video-preview:-1\" \/>\n<link rel=\"canonical\" href=\"https:\/\/www.sistemamoveis.com.br\/blog\/moveis-para-recepcao-corporativa-o-que-considerar-para-transmitir-profissionalismo-e-organizacao\/\" \/>\n<meta property=\"og:locale\" content=\"pt_BR\" \/>\n<meta property=\"og:type\" content=\"article\" \/>\n<meta property=\"og:title\" content=\"M\u00f3veis para recep\u00e7\u00e3o corporativa: o que considerar para transmitir profissionalismo e organiza\u00e7\u00e3o - Sistema M\u00f3veis\" \/>\n<meta property=\"og:description\" content=\"M\u00f3veis para recep\u00e7\u00e3o corporativa: o que considerar para transmitir profissionalismo e organiza\u00e7\u00e3o come\u00e7a pela compreens\u00e3o de que a recep...\" \/>\n<meta property=\"og:url\" content=\"https:\/\/www.sistemamoveis.com.br\/blog\/moveis-para-recepcao-corporativa-o-que-considerar-para-transmitir-profissionalismo-e-organizacao\/\" \/>\n<meta property=\"og:site_name\" content=\"Sistema M\u00f3veis\" \/>\n<meta property=\"article:published_time\" content=\"2026-04-20T14:53:10+00:00\" \/>\n<meta property=\"article:modified_time\" content=\"2026-04-30T14:55:17+00:00\" \/>\n<meta property=\"og:image\" content=\"https:\/\/www.sistemamoveis.com.br\/blog\/wp-content\/uploads\/2026\/04\/Moveis-para-recepcao-corporativa.jpg\" \/>\n\t<meta property=\"og:image:width\" content=\"2000\" \/>\n\t<meta property=\"og:image:height\" content=\"1333\" \/>\n\t<meta property=\"og:image:type\" content=\"image\/jpeg\" \/>\n<meta name=\"author\" content=\"admin\" \/>\n<meta name=\"twitter:card\" content=\"summary_large_image\" \/>\n<meta name=\"twitter:label1\" content=\"Escrito por\" \/>\n\t<meta name=\"twitter:data1\" content=\"admin\" \/>\n\t<meta name=\"twitter:label2\" content=\"Est. tempo de leitura\" \/>\n\t<meta name=\"twitter:data2\" content=\"14 minutos\" \/>\n<script type=\"application\/ld+json\" class=\"yoast-schema-graph\">{\"@context\":\"https:\/\/schema.org\",\"@graph\":[{\"@type\":\"Article\",\"@id\":\"https:\/\/www.sistemamoveis.com.br\/blog\/moveis-para-recepcao-corporativa-o-que-considerar-para-transmitir-profissionalismo-e-organizacao\/#article\",\"isPartOf\":{\"@id\":\"https:\/\/www.sistemamoveis.com.br\/blog\/moveis-para-recepcao-corporativa-o-que-considerar-para-transmitir-profissionalismo-e-organizacao\/\"},\"author\":{\"name\":\"admin\",\"@id\":\"https:\/\/www.sistemamoveis.com.br\/blog\/#\/schema\/person\/e9ac77f2e566e70d67677c219d7a7c7a\"},\"headline\":\"M\u00f3veis para recep\u00e7\u00e3o corporativa: o que considerar para transmitir profissionalismo e organiza\u00e7\u00e3o\",\"datePublished\":\"2026-04-20T14:53:10+00:00\",\"dateModified\":\"2026-04-30T14:55:17+00:00\",\"mainEntityOfPage\":{\"@id\":\"https:\/\/www.sistemamoveis.com.br\/blog\/moveis-para-recepcao-corporativa-o-que-considerar-para-transmitir-profissionalismo-e-organizacao\/\"},\"wordCount\":2766,\"commentCount\":0,\"publisher\":{\"@id\":\"https:\/\/www.sistemamoveis.com.br\/blog\/#organization\"},\"image\":{\"@id\":\"https:\/\/www.sistemamoveis.com.br\/blog\/moveis-para-recepcao-corporativa-o-que-considerar-para-transmitir-profissionalismo-e-organizacao\/#primaryimage\"},\"thumbnailUrl\":\"https:\/\/www.sistemamoveis.com.br\/blog\/wp-content\/uploads\/2026\/04\/Moveis-para-recepcao-corporativa.jpg\",\"keywords\":[\"Ambiente Corporativo\",\"Ambiente de Trabalho\",\"Audit\u00f3rio Corporativo\",\"Ergonomia\",\"Ergonomia Ambiente Corporativo\",\"Ergonomia no ambiente de trabalho\",\"Mobili\u00e1rio para audit\u00f3rios e salas de treinamento\",\"m\u00f3veis corporativos\",\"M\u00f3veis para recep\u00e7\u00e3o corporativa\",\"M\u00f3veis sob medida para escrit\u00f3rios\",\"M\u00f3vel\",\"Planejamento de layout corporativo\"],\"articleSection\":[\"M\u00f3veis para escrit\u00f3rio\"],\"inLanguage\":\"pt-BR\",\"potentialAction\":[{\"@type\":\"CommentAction\",\"name\":\"Comment\",\"target\":[\"https:\/\/www.sistemamoveis.com.br\/blog\/moveis-para-recepcao-corporativa-o-que-considerar-para-transmitir-profissionalismo-e-organizacao\/#respond\"]}]},{\"@type\":\"WebPage\",\"@id\":\"https:\/\/www.sistemamoveis.com.br\/blog\/moveis-para-recepcao-corporativa-o-que-considerar-para-transmitir-profissionalismo-e-organizacao\/\",\"url\":\"https:\/\/www.sistemamoveis.com.br\/blog\/moveis-para-recepcao-corporativa-o-que-considerar-para-transmitir-profissionalismo-e-organizacao\/\",\"name\":\"M\u00f3veis para recep\u00e7\u00e3o corporativa: o que considerar para transmitir profissionalismo e organiza\u00e7\u00e3o - Sistema M\u00f3veis\",\"isPartOf\":{\"@id\":\"https:\/\/www.sistemamoveis.com.br\/blog\/#website\"},\"primaryImageOfPage\":{\"@id\":\"https:\/\/www.sistemamoveis.com.br\/blog\/moveis-para-recepcao-corporativa-o-que-considerar-para-transmitir-profissionalismo-e-organizacao\/#primaryimage\"},\"image\":{\"@id\":\"https:\/\/www.sistemamoveis.com.br\/blog\/moveis-para-recepcao-corporativa-o-que-considerar-para-transmitir-profissionalismo-e-organizacao\/#primaryimage\"},\"thumbnailUrl\":\"https:\/\/www.sistemamoveis.com.br\/blog\/wp-content\/uploads\/2026\/04\/Moveis-para-recepcao-corporativa.jpg\",\"datePublished\":\"2026-04-20T14:53:10+00:00\",\"dateModified\":\"2026-04-30T14:55:17+00:00\",\"description\":\"M\u00f3veis para recep\u00e7\u00e3o corporativa: o que considerar para transmitir profissionalismo e organiza\u00e7\u00e3o come\u00e7a pela compreens\u00e3o de que a recep...\",\"breadcrumb\":{\"@id\":\"https:\/\/www.sistemamoveis.com.br\/blog\/moveis-para-recepcao-corporativa-o-que-considerar-para-transmitir-profissionalismo-e-organizacao\/#breadcrumb\"},\"inLanguage\":\"pt-BR\",\"potentialAction\":[{\"@type\":\"ReadAction\",\"target\":[\"https:\/\/www.sistemamoveis.com.br\/blog\/moveis-para-recepcao-corporativa-o-que-considerar-para-transmitir-profissionalismo-e-organizacao\/\"]}]},{\"@type\":\"ImageObject\",\"inLanguage\":\"pt-BR\",\"@id\":\"https:\/\/www.sistemamoveis.com.br\/blog\/moveis-para-recepcao-corporativa-o-que-considerar-para-transmitir-profissionalismo-e-organizacao\/#primaryimage\",\"url\":\"https:\/\/www.sistemamoveis.com.br\/blog\/wp-content\/uploads\/2026\/04\/Moveis-para-recepcao-corporativa.jpg\",\"contentUrl\":\"https:\/\/www.sistemamoveis.com.br\/blog\/wp-content\/uploads\/2026\/04\/Moveis-para-recepcao-corporativa.jpg\",\"width\":2000,\"height\":1333,\"caption\":\"M\u00f3veis para recep\u00e7\u00e3o corporativa\"},{\"@type\":\"BreadcrumbList\",\"@id\":\"https:\/\/www.sistemamoveis.com.br\/blog\/moveis-para-recepcao-corporativa-o-que-considerar-para-transmitir-profissionalismo-e-organizacao\/#breadcrumb\",\"itemListElement\":[{\"@type\":\"ListItem\",\"position\":1,\"name\":\"In\u00edcio\",\"item\":\"https:\/\/www.sistemamoveis.com.br\/blog\/\"},{\"@type\":\"ListItem\",\"position\":2,\"name\":\"M\u00f3veis para recep\u00e7\u00e3o corporativa: o que considerar para transmitir profissionalismo e organiza\u00e7\u00e3o\"}]},{\"@type\":\"WebSite\",\"@id\":\"https:\/\/www.sistemamoveis.com.br\/blog\/#website\",\"url\":\"https:\/\/www.sistemamoveis.com.br\/blog\/\",\"name\":\"Sistema M\u00f3veis\",\"description\":\"Blog - Sistema M\u00f3veis\",\"publisher\":{\"@id\":\"https:\/\/www.sistemamoveis.com.br\/blog\/#organization\"},\"potentialAction\":[{\"@type\":\"SearchAction\",\"target\":{\"@type\":\"EntryPoint\",\"urlTemplate\":\"https:\/\/www.sistemamoveis.com.br\/blog\/?s={search_term_string}\"},\"query-input\":{\"@type\":\"PropertyValueSpecification\",\"valueRequired\":true,\"valueName\":\"search_term_string\"}}],\"inLanguage\":\"pt-BR\"},{\"@type\":\"Organization\",\"@id\":\"https:\/\/www.sistemamoveis.com.br\/blog\/#organization\",\"name\":\"Sistema M\u00f3veis\",\"url\":\"https:\/\/www.sistemamoveis.com.br\/blog\/\",\"logo\":{\"@type\":\"ImageObject\",\"inLanguage\":\"pt-BR\",\"@id\":\"https:\/\/www.sistemamoveis.com.br\/blog\/#\/schema\/logo\/image\/\",\"url\":\"https:\/\/www.sistemamoveis.com.br\/blog\/wp-content\/uploads\/2023\/10\/logo.png\",\"contentUrl\":\"https:\/\/www.sistemamoveis.com.br\/blog\/wp-content\/uploads\/2023\/10\/logo.png\",\"width\":178,\"height\":55,\"caption\":\"Sistema M\u00f3veis\"},\"image\":{\"@id\":\"https:\/\/www.sistemamoveis.com.br\/blog\/#\/schema\/logo\/image\/\"}},{\"@type\":\"Person\",\"@id\":\"https:\/\/www.sistemamoveis.com.br\/blog\/#\/schema\/person\/e9ac77f2e566e70d67677c219d7a7c7a\",\"name\":\"admin\",\"image\":{\"@type\":\"ImageObject\",\"inLanguage\":\"pt-BR\",\"@id\":\"https:\/\/www.sistemamoveis.com.br\/blog\/#\/schema\/person\/image\/\",\"url\":\"https:\/\/secure.gravatar.com\/avatar\/ae92580851fb03298934a1b9611b38c6dbe9c76ce20ff6d3222955b1fd38e5da?s=96&d=mm&r=g\",\"contentUrl\":\"https:\/\/secure.gravatar.com\/avatar\/ae92580851fb03298934a1b9611b38c6dbe9c76ce20ff6d3222955b1fd38e5da?s=96&d=mm&r=g\",\"caption\":\"admin\"},\"sameAs\":[\"https:\/\/www.sistemamoveis.com.br\/blog\"],\"url\":\"https:\/\/www.sistemamoveis.com.br\/blog\/author\/admin\/\"}]}<\/script>\n<!-- \/ Yoast SEO plugin. -->","yoast_head_json":{"title":"M\u00f3veis para recep\u00e7\u00e3o corporativa: o que considerar para transmitir profissionalismo e organiza\u00e7\u00e3o - Sistema M\u00f3veis","description":"M\u00f3veis para recep\u00e7\u00e3o corporativa: o que considerar para transmitir profissionalismo e organiza\u00e7\u00e3o come\u00e7a pela compreens\u00e3o de que a recep...","robots":{"index":"index","follow":"follow","max-snippet":"max-snippet:-1","max-image-preview":"max-image-preview:large","max-video-preview":"max-video-preview:-1"},"canonical":"https:\/\/www.sistemamoveis.com.br\/blog\/moveis-para-recepcao-corporativa-o-que-considerar-para-transmitir-profissionalismo-e-organizacao\/","og_locale":"pt_BR","og_type":"article","og_title":"M\u00f3veis para recep\u00e7\u00e3o corporativa: o que considerar para transmitir profissionalismo e organiza\u00e7\u00e3o - Sistema M\u00f3veis","og_description":"M\u00f3veis para recep\u00e7\u00e3o corporativa: o que considerar para transmitir profissionalismo e organiza\u00e7\u00e3o come\u00e7a pela compreens\u00e3o de que a recep...","og_url":"https:\/\/www.sistemamoveis.com.br\/blog\/moveis-para-recepcao-corporativa-o-que-considerar-para-transmitir-profissionalismo-e-organizacao\/","og_site_name":"Sistema M\u00f3veis","article_published_time":"2026-04-20T14:53:10+00:00","article_modified_time":"2026-04-30T14:55:17+00:00","og_image":[{"width":2000,"height":1333,"url":"https:\/\/www.sistemamoveis.com.br\/blog\/wp-content\/uploads\/2026\/04\/Moveis-para-recepcao-corporativa.jpg","type":"image\/jpeg"}],"author":"admin","twitter_card":"summary_large_image","twitter_misc":{"Escrito por":"admin","Est. tempo de leitura":"14 minutos"},"schema":{"@context":"https:\/\/schema.org","@graph":[{"@type":"Article","@id":"https:\/\/www.sistemamoveis.com.br\/blog\/moveis-para-recepcao-corporativa-o-que-considerar-para-transmitir-profissionalismo-e-organizacao\/#article","isPartOf":{"@id":"https:\/\/www.sistemamoveis.com.br\/blog\/moveis-para-recepcao-corporativa-o-que-considerar-para-transmitir-profissionalismo-e-organizacao\/"},"author":{"name":"admin","@id":"https:\/\/www.sistemamoveis.com.br\/blog\/#\/schema\/person\/e9ac77f2e566e70d67677c219d7a7c7a"},"headline":"M\u00f3veis para recep\u00e7\u00e3o corporativa: o que considerar para transmitir profissionalismo e organiza\u00e7\u00e3o","datePublished":"2026-04-20T14:53:10+00:00","dateModified":"2026-04-30T14:55:17+00:00","mainEntityOfPage":{"@id":"https:\/\/www.sistemamoveis.com.br\/blog\/moveis-para-recepcao-corporativa-o-que-considerar-para-transmitir-profissionalismo-e-organizacao\/"},"wordCount":2766,"commentCount":0,"publisher":{"@id":"https:\/\/www.sistemamoveis.com.br\/blog\/#organization"},"image":{"@id":"https:\/\/www.sistemamoveis.com.br\/blog\/moveis-para-recepcao-corporativa-o-que-considerar-para-transmitir-profissionalismo-e-organizacao\/#primaryimage"},"thumbnailUrl":"https:\/\/www.sistemamoveis.com.br\/blog\/wp-content\/uploads\/2026\/04\/Moveis-para-recepcao-corporativa.jpg","keywords":["Ambiente Corporativo","Ambiente de Trabalho","Audit\u00f3rio Corporativo","Ergonomia","Ergonomia Ambiente Corporativo","Ergonomia no ambiente de trabalho","Mobili\u00e1rio para audit\u00f3rios e salas de treinamento","m\u00f3veis corporativos","M\u00f3veis para recep\u00e7\u00e3o corporativa","M\u00f3veis sob medida para escrit\u00f3rios","M\u00f3vel","Planejamento de layout corporativo"],"articleSection":["M\u00f3veis para escrit\u00f3rio"],"inLanguage":"pt-BR","potentialAction":[{"@type":"CommentAction","name":"Comment","target":["https:\/\/www.sistemamoveis.com.br\/blog\/moveis-para-recepcao-corporativa-o-que-considerar-para-transmitir-profissionalismo-e-organizacao\/#respond"]}]},{"@type":"WebPage","@id":"https:\/\/www.sistemamoveis.com.br\/blog\/moveis-para-recepcao-corporativa-o-que-considerar-para-transmitir-profissionalismo-e-organizacao\/","url":"https:\/\/www.sistemamoveis.com.br\/blog\/moveis-para-recepcao-corporativa-o-que-considerar-para-transmitir-profissionalismo-e-organizacao\/","name":"M\u00f3veis para recep\u00e7\u00e3o corporativa: o que considerar para transmitir profissionalismo e organiza\u00e7\u00e3o - Sistema M\u00f3veis","isPartOf":{"@id":"https:\/\/www.sistemamoveis.com.br\/blog\/#website"},"primaryImageOfPage":{"@id":"https:\/\/www.sistemamoveis.com.br\/blog\/moveis-para-recepcao-corporativa-o-que-considerar-para-transmitir-profissionalismo-e-organizacao\/#primaryimage"},"image":{"@id":"https:\/\/www.sistemamoveis.com.br\/blog\/moveis-para-recepcao-corporativa-o-que-considerar-para-transmitir-profissionalismo-e-organizacao\/#primaryimage"},"thumbnailUrl":"https:\/\/www.sistemamoveis.com.br\/blog\/wp-content\/uploads\/2026\/04\/Moveis-para-recepcao-corporativa.jpg","datePublished":"2026-04-20T14:53:10+00:00","dateModified":"2026-04-30T14:55:17+00:00","description":"M\u00f3veis para recep\u00e7\u00e3o corporativa: o que considerar para transmitir profissionalismo e organiza\u00e7\u00e3o come\u00e7a pela compreens\u00e3o de que a recep...","breadcrumb":{"@id":"https:\/\/www.sistemamoveis.com.br\/blog\/moveis-para-recepcao-corporativa-o-que-considerar-para-transmitir-profissionalismo-e-organizacao\/#breadcrumb"},"inLanguage":"pt-BR","potentialAction":[{"@type":"ReadAction","target":["https:\/\/www.sistemamoveis.com.br\/blog\/moveis-para-recepcao-corporativa-o-que-considerar-para-transmitir-profissionalismo-e-organizacao\/"]}]},{"@type":"ImageObject","inLanguage":"pt-BR","@id":"https:\/\/www.sistemamoveis.com.br\/blog\/moveis-para-recepcao-corporativa-o-que-considerar-para-transmitir-profissionalismo-e-organizacao\/#primaryimage","url":"https:\/\/www.sistemamoveis.com.br\/blog\/wp-content\/uploads\/2026\/04\/Moveis-para-recepcao-corporativa.jpg","contentUrl":"https:\/\/www.sistemamoveis.com.br\/blog\/wp-content\/uploads\/2026\/04\/Moveis-para-recepcao-corporativa.jpg","width":2000,"height":1333,"caption":"M\u00f3veis para recep\u00e7\u00e3o corporativa"},{"@type":"BreadcrumbList","@id":"https:\/\/www.sistemamoveis.com.br\/blog\/moveis-para-recepcao-corporativa-o-que-considerar-para-transmitir-profissionalismo-e-organizacao\/#breadcrumb","itemListElement":[{"@type":"ListItem","position":1,"name":"In\u00edcio","item":"https:\/\/www.sistemamoveis.com.br\/blog\/"},{"@type":"ListItem","position":2,"name":"M\u00f3veis para recep\u00e7\u00e3o corporativa: o que considerar para transmitir profissionalismo e organiza\u00e7\u00e3o"}]},{"@type":"WebSite","@id":"https:\/\/www.sistemamoveis.com.br\/blog\/#website","url":"https:\/\/www.sistemamoveis.com.br\/blog\/","name":"Sistema M\u00f3veis","description":"Blog - Sistema M\u00f3veis","publisher":{"@id":"https:\/\/www.sistemamoveis.com.br\/blog\/#organization"},"potentialAction":[{"@type":"SearchAction","target":{"@type":"EntryPoint","urlTemplate":"https:\/\/www.sistemamoveis.com.br\/blog\/?s={search_term_string}"},"query-input":{"@type":"PropertyValueSpecification","valueRequired":true,"valueName":"search_term_string"}}],"inLanguage":"pt-BR"},{"@type":"Organization","@id":"https:\/\/www.sistemamoveis.com.br\/blog\/#organization","name":"Sistema M\u00f3veis","url":"https:\/\/www.sistemamoveis.com.br\/blog\/","logo":{"@type":"ImageObject","inLanguage":"pt-BR","@id":"https:\/\/www.sistemamoveis.com.br\/blog\/#\/schema\/logo\/image\/","url":"https:\/\/www.sistemamoveis.com.br\/blog\/wp-content\/uploads\/2023\/10\/logo.png","contentUrl":"https:\/\/www.sistemamoveis.com.br\/blog\/wp-content\/uploads\/2023\/10\/logo.png","width":178,"height":55,"caption":"Sistema M\u00f3veis"},"image":{"@id":"https:\/\/www.sistemamoveis.com.br\/blog\/#\/schema\/logo\/image\/"}},{"@type":"Person","@id":"https:\/\/www.sistemamoveis.com.br\/blog\/#\/schema\/person\/e9ac77f2e566e70d67677c219d7a7c7a","name":"admin","image":{"@type":"ImageObject","inLanguage":"pt-BR","@id":"https:\/\/www.sistemamoveis.com.br\/blog\/#\/schema\/person\/image\/","url":"https:\/\/secure.gravatar.com\/avatar\/ae92580851fb03298934a1b9611b38c6dbe9c76ce20ff6d3222955b1fd38e5da?s=96&d=mm&r=g","contentUrl":"https:\/\/secure.gravatar.com\/avatar\/ae92580851fb03298934a1b9611b38c6dbe9c76ce20ff6d3222955b1fd38e5da?s=96&d=mm&r=g","caption":"admin"},"sameAs":["https:\/\/www.sistemamoveis.com.br\/blog"],"url":"https:\/\/www.sistemamoveis.com.br\/blog\/author\/admin\/"}]}},"_links":{"self":[{"href":"https:\/\/www.sistemamoveis.com.br\/blog\/wp-json\/wp\/v2\/posts\/309","targetHints":{"allow":["GET"]}}],"collection":[{"href":"https:\/\/www.sistemamoveis.com.br\/blog\/wp-json\/wp\/v2\/posts"}],"about":[{"href":"https:\/\/www.sistemamoveis.com.br\/blog\/wp-json\/wp\/v2\/types\/post"}],"author":[{"embeddable":true,"href":"https:\/\/www.sistemamoveis.com.br\/blog\/wp-json\/wp\/v2\/users\/1"}],"replies":[{"embeddable":true,"href":"https:\/\/www.sistemamoveis.com.br\/blog\/wp-json\/wp\/v2\/comments?post=309"}],"version-history":[{"count":1,"href":"https:\/\/www.sistemamoveis.com.br\/blog\/wp-json\/wp\/v2\/posts\/309\/revisions"}],"predecessor-version":[{"id":311,"href":"https:\/\/www.sistemamoveis.com.br\/blog\/wp-json\/wp\/v2\/posts\/309\/revisions\/311"}],"wp:featuredmedia":[{"embeddable":true,"href":"https:\/\/www.sistemamoveis.com.br\/blog\/wp-json\/wp\/v2\/media\/310"}],"wp:attachment":[{"href":"https:\/\/www.sistemamoveis.com.br\/blog\/wp-json\/wp\/v2\/media?parent=309"}],"wp:term":[{"taxonomy":"category","embeddable":true,"href":"https:\/\/www.sistemamoveis.com.br\/blog\/wp-json\/wp\/v2\/categories?post=309"},{"taxonomy":"post_tag","embeddable":true,"href":"https:\/\/www.sistemamoveis.com.br\/blog\/wp-json\/wp\/v2\/tags?post=309"}],"curies":[{"name":"wp","href":"https:\/\/api.w.org\/{rel}","templated":true}]}}