{"id":312,"date":"2026-04-21T14:55:30","date_gmt":"2026-04-21T14:55:30","guid":{"rendered":"https:\/\/www.sistemamoveis.com.br\/blog\/?p=312"},"modified":"2026-04-30T14:57:48","modified_gmt":"2026-04-30T14:57:48","slug":"cadeiras-corporativas-ergonomicas-criterios-tecnicos-para-empresas-e-instituicoes","status":"publish","type":"post","link":"https:\/\/www.sistemamoveis.com.br\/blog\/cadeiras-corporativas-ergonomicas-criterios-tecnicos-para-empresas-e-instituicoes\/","title":{"rendered":"Cadeiras corporativas ergon\u00f4micas: crit\u00e9rios t\u00e9cnicos para empresas e institui\u00e7\u00f5es"},"content":{"rendered":"<span class=\"span-reading-time rt-reading-time\" style=\"display: block;\"><span class=\"rt-label rt-prefix\">Tempo de leitura: <\/span> <span class=\"rt-time\"> 9<\/span> <span class=\"rt-label rt-postfix\">minutos<\/span><\/span>\n<p>Cadeiras corporativas ergon\u00f4micas: crit\u00e9rios t\u00e9cnicos para empresas e institui\u00e7\u00f5es devem ser analisadas com aten\u00e7\u00e3o por empresas que desejam estruturar ambientes profissionais mais funcionais, confort\u00e1veis e coerentes com a rotina de uso. Em escrit\u00f3rios, institui\u00e7\u00f5es de ensino, \u00e1reas administrativas, recep\u00e7\u00f5es e setores t\u00e9cnicos, a cadeira \u00e9 um dos m\u00f3veis mais utilizados ao longo do expediente e influencia diretamente a qualidade do ambiente de trabalho.<\/p>\n\n\n\n<p>Muitas decis\u00f5es de compra ainda s\u00e3o guiadas apenas por apar\u00eancia, pre\u00e7o ou disponibilidade imediata. No entanto, uma cadeira corporativa inadequada pode comprometer conforto, postura, organiza\u00e7\u00e3o do posto e at\u00e9 a percep\u00e7\u00e3o de profissionalismo do espa\u00e7o. Ser\u00e1 que faz sentido investir em layout, mesas e arm\u00e1rios bem planejados sem dar a mesma aten\u00e7\u00e3o ao assento utilizado todos os dias?<\/p>\n\n\n\n<p>Quando a especifica\u00e7\u00e3o \u00e9 feita com base em crit\u00e9rios t\u00e9cnicos, o resultado tende a ser mais consistente. A empresa passa a considerar ergonomia, resist\u00eancia, regulagens, revestimentos, durabilidade, padroniza\u00e7\u00e3o visual e compatibilidade com a atividade exercida. Quer otimizar o layout do seu ambiente corporativo? Solicite uma avalia\u00e7\u00e3o t\u00e9cnica.<\/p>\n\n\n\n<div id=\"ez-toc-container\" class=\"ez-toc-v2_0_80 counter-hierarchy ez-toc-counter ez-toc-grey ez-toc-container-direction\">\n<div class=\"ez-toc-title-container\">\n<p class=\"ez-toc-title\" style=\"cursor:inherit\">T\u00f3picos do artigo<\/p>\n<span class=\"ez-toc-title-toggle\"><a href=\"#\" class=\"ez-toc-pull-right ez-toc-btn ez-toc-btn-xs ez-toc-btn-default ez-toc-toggle\" aria-label=\"Alternar tabela de conte\u00fado\"><span class=\"ez-toc-js-icon-con\"><span class=\"\"><span class=\"eztoc-hide\" style=\"display:none;\">Toggle<\/span><span class=\"ez-toc-icon-toggle-span\"><svg style=\"fill: #999;color:#999\" xmlns=\"http:\/\/www.w3.org\/2000\/svg\" class=\"list-377408\" width=\"20px\" height=\"20px\" viewBox=\"0 0 24 24\" fill=\"none\"><path d=\"M6 6H4v2h2V6zm14 0H8v2h12V6zM4 11h2v2H4v-2zm16 0H8v2h12v-2zM4 16h2v2H4v-2zm16 0H8v2h12v-2z\" fill=\"currentColor\"><\/path><\/svg><svg style=\"fill: #999;color:#999\" class=\"arrow-unsorted-368013\" xmlns=\"http:\/\/www.w3.org\/2000\/svg\" width=\"10px\" height=\"10px\" viewBox=\"0 0 24 24\" version=\"1.2\" baseProfile=\"tiny\"><path d=\"M18.2 9.3l-6.2-6.3-6.2 6.3c-.2.2-.3.4-.3.7s.1.5.3.7c.2.2.4.3.7.3h11c.3 0 .5-.1.7-.3.2-.2.3-.5.3-.7s-.1-.5-.3-.7zM5.8 14.7l6.2 6.3 6.2-6.3c.2-.2.3-.5.3-.7s-.1-.5-.3-.7c-.2-.2-.4-.3-.7-.3h-11c-.3 0-.5.1-.7.3-.2.2-.3.5-.3.7s.1.5.3.7z\"\/><\/svg><\/span><\/span><\/span><\/a><\/span><\/div>\n<nav><ul class='ez-toc-list ez-toc-list-level-1 ' ><li class='ez-toc-page-1 ez-toc-heading-level-2'><a class=\"ez-toc-link ez-toc-heading-1\" href=\"https:\/\/www.sistemamoveis.com.br\/blog\/cadeiras-corporativas-ergonomicas-criterios-tecnicos-para-empresas-e-instituicoes\/#A_importancia_da_ergonomia_no_ambiente_corporativo\" >A import\u00e2ncia da ergonomia no ambiente corporativo<\/a><ul class='ez-toc-list-level-3' ><li class='ez-toc-heading-level-3'><a class=\"ez-toc-link ez-toc-heading-2\" href=\"https:\/\/www.sistemamoveis.com.br\/blog\/cadeiras-corporativas-ergonomicas-criterios-tecnicos-para-empresas-e-instituicoes\/#Ergonomia_vai_alem_do_conforto_imediato\" >Ergonomia vai al\u00e9m do conforto imediato<\/a><\/li><li class='ez-toc-page-1 ez-toc-heading-level-3'><a class=\"ez-toc-link ez-toc-heading-3\" href=\"https:\/\/www.sistemamoveis.com.br\/blog\/cadeiras-corporativas-ergonomicas-criterios-tecnicos-para-empresas-e-instituicoes\/#O_impacto_da_postura_no_uso_diario\" >O impacto da postura no uso di\u00e1rio<\/a><\/li><\/ul><\/li><li class='ez-toc-page-1 ez-toc-heading-level-2'><a class=\"ez-toc-link ez-toc-heading-4\" href=\"https:\/\/www.sistemamoveis.com.br\/blog\/cadeiras-corporativas-ergonomicas-criterios-tecnicos-para-empresas-e-instituicoes\/#Quais_criterios_tecnicos_devem_ser_avaliados_na_cadeira_corporativa\" >Quais crit\u00e9rios t\u00e9cnicos devem ser avaliados na cadeira corporativa<\/a><ul class='ez-toc-list-level-3' ><li class='ez-toc-heading-level-3'><a class=\"ez-toc-link ez-toc-heading-5\" href=\"https:\/\/www.sistemamoveis.com.br\/blog\/cadeiras-corporativas-ergonomicas-criterios-tecnicos-para-empresas-e-instituicoes\/#Regulagem_de_altura_e_adaptacao_ao_usuario\" >Regulagem de altura e adapta\u00e7\u00e3o ao usu\u00e1rio<\/a><\/li><li class='ez-toc-page-1 ez-toc-heading-level-3'><a class=\"ez-toc-link ez-toc-heading-6\" href=\"https:\/\/www.sistemamoveis.com.br\/blog\/cadeiras-corporativas-ergonomicas-criterios-tecnicos-para-empresas-e-instituicoes\/#Encosto_e_apoio_lombar\" >Encosto e apoio lombar<\/a><\/li><li class='ez-toc-page-1 ez-toc-heading-level-3'><a class=\"ez-toc-link ez-toc-heading-7\" href=\"https:\/\/www.sistemamoveis.com.br\/blog\/cadeiras-corporativas-ergonomicas-criterios-tecnicos-para-empresas-e-instituicoes\/#Base_estrutura_e_estabilidade\" >Base, estrutura e estabilidade<\/a><\/li><li class='ez-toc-page-1 ez-toc-heading-level-3'><a class=\"ez-toc-link ez-toc-heading-8\" href=\"https:\/\/www.sistemamoveis.com.br\/blog\/cadeiras-corporativas-ergonomicas-criterios-tecnicos-para-empresas-e-instituicoes\/#Revestimentos_e_facilidade_de_manutencao\" >Revestimentos e facilidade de manuten\u00e7\u00e3o<\/a><\/li><\/ul><\/li><li class='ez-toc-page-1 ez-toc-heading-level-2'><a class=\"ez-toc-link ez-toc-heading-9\" href=\"https:\/\/www.sistemamoveis.com.br\/blog\/cadeiras-corporativas-ergonomicas-criterios-tecnicos-para-empresas-e-instituicoes\/#A_relacao_entre_o_tipo_de_atividade_e_a_cadeira_ideal\" >A rela\u00e7\u00e3o entre o tipo de atividade e a cadeira ideal<\/a><ul class='ez-toc-list-level-3' ><li class='ez-toc-heading-level-3'><a class=\"ez-toc-link ez-toc-heading-10\" href=\"https:\/\/www.sistemamoveis.com.br\/blog\/cadeiras-corporativas-ergonomicas-criterios-tecnicos-para-empresas-e-instituicoes\/#Cadeiras_para_postos_de_uso_prolongado\" >Cadeiras para postos de uso prolongado<\/a><\/li><li class='ez-toc-page-1 ez-toc-heading-level-3'><a class=\"ez-toc-link ez-toc-heading-11\" href=\"https:\/\/www.sistemamoveis.com.br\/blog\/cadeiras-corporativas-ergonomicas-criterios-tecnicos-para-empresas-e-instituicoes\/#Cadeiras_para_recepcao_e_atendimento\" >Cadeiras para recep\u00e7\u00e3o e atendimento<\/a><\/li><li class='ez-toc-page-1 ez-toc-heading-level-3'><a class=\"ez-toc-link ez-toc-heading-12\" href=\"https:\/\/www.sistemamoveis.com.br\/blog\/cadeiras-corporativas-ergonomicas-criterios-tecnicos-para-empresas-e-instituicoes\/#Cadeiras_para_salas_de_reuniao_e_uso_eventual\" >Cadeiras para salas de reuni\u00e3o e uso eventual<\/a><\/li><\/ul><\/li><li class='ez-toc-page-1 ez-toc-heading-level-2'><a class=\"ez-toc-link ez-toc-heading-13\" href=\"https:\/\/www.sistemamoveis.com.br\/blog\/cadeiras-corporativas-ergonomicas-criterios-tecnicos-para-empresas-e-instituicoes\/#Como_avaliar_conforto_de_forma_tecnica_e_nao_superficial\" >Como avaliar conforto de forma t\u00e9cnica e n\u00e3o superficial<\/a><ul class='ez-toc-list-level-3' ><li class='ez-toc-heading-level-3'><a class=\"ez-toc-link ez-toc-heading-14\" href=\"https:\/\/www.sistemamoveis.com.br\/blog\/cadeiras-corporativas-ergonomicas-criterios-tecnicos-para-empresas-e-instituicoes\/#O_conforto_precisa_acompanhar_a_rotina\" >O conforto precisa acompanhar a rotina<\/a><\/li><li class='ez-toc-page-1 ez-toc-heading-level-3'><a class=\"ez-toc-link ez-toc-heading-15\" href=\"https:\/\/www.sistemamoveis.com.br\/blog\/cadeiras-corporativas-ergonomicas-criterios-tecnicos-para-empresas-e-instituicoes\/#A_cadeira_faz_parte_do_sistema_de_trabalho\" >A cadeira faz parte do sistema de trabalho<\/a><\/li><\/ul><\/li><li class='ez-toc-page-1 ez-toc-heading-level-2'><a class=\"ez-toc-link ez-toc-heading-16\" href=\"https:\/\/www.sistemamoveis.com.br\/blog\/cadeiras-corporativas-ergonomicas-criterios-tecnicos-para-empresas-e-instituicoes\/#Durabilidade_e_resistencia_em_empresas_e_instituicoes\" >Durabilidade e resist\u00eancia em empresas e institui\u00e7\u00f5es<\/a><ul class='ez-toc-list-level-3' ><li class='ez-toc-heading-level-3'><a class=\"ez-toc-link ez-toc-heading-17\" href=\"https:\/\/www.sistemamoveis.com.br\/blog\/cadeiras-corporativas-ergonomicas-criterios-tecnicos-para-empresas-e-instituicoes\/#Resistencia_estrutural_e_vida_util\" >Resist\u00eancia estrutural e vida \u00fatil<\/a><\/li><li class='ez-toc-page-1 ez-toc-heading-level-3'><a class=\"ez-toc-link ez-toc-heading-18\" href=\"https:\/\/www.sistemamoveis.com.br\/blog\/cadeiras-corporativas-ergonomicas-criterios-tecnicos-para-empresas-e-instituicoes\/#Suporte_tecnico_e_continuidade_de_uso\" >Suporte t\u00e9cnico e continuidade de uso<\/a><\/li><\/ul><\/li><li class='ez-toc-page-1 ez-toc-heading-level-2'><a class=\"ez-toc-link ez-toc-heading-19\" href=\"https:\/\/www.sistemamoveis.com.br\/blog\/cadeiras-corporativas-ergonomicas-criterios-tecnicos-para-empresas-e-instituicoes\/#Padronizacao_visual_e_coerencia_entre_os_ambientes\" >Padroniza\u00e7\u00e3o visual e coer\u00eancia entre os ambientes<\/a><ul class='ez-toc-list-level-3' ><li class='ez-toc-heading-level-3'><a class=\"ez-toc-link ez-toc-heading-20\" href=\"https:\/\/www.sistemamoveis.com.br\/blog\/cadeiras-corporativas-ergonomicas-criterios-tecnicos-para-empresas-e-instituicoes\/#Imagem_profissional_tambem_passa_pelo_mobiliario\" >Imagem profissional tamb\u00e9m passa pelo mobili\u00e1rio<\/a><\/li><\/ul><\/li><li class='ez-toc-page-1 ez-toc-heading-level-2'><a class=\"ez-toc-link ez-toc-heading-21\" href=\"https:\/\/www.sistemamoveis.com.br\/blog\/cadeiras-corporativas-ergonomicas-criterios-tecnicos-para-empresas-e-instituicoes\/#A_influencia_das_cadeiras_no_layout_e_na_organizacao_do_espaco\" >A influ\u00eancia das cadeiras no layout e na organiza\u00e7\u00e3o do espa\u00e7o<\/a><ul class='ez-toc-list-level-3' ><li class='ez-toc-heading-level-3'><a class=\"ez-toc-link ez-toc-heading-22\" href=\"https:\/\/www.sistemamoveis.com.br\/blog\/cadeiras-corporativas-ergonomicas-criterios-tecnicos-para-empresas-e-instituicoes\/#Integracao_com_mesas_e_estacoes_de_trabalho\" >Integra\u00e7\u00e3o com mesas e esta\u00e7\u00f5es de trabalho<\/a><\/li><li class='ez-toc-page-1 ez-toc-heading-level-3'><a class=\"ez-toc-link ez-toc-heading-23\" href=\"https:\/\/www.sistemamoveis.com.br\/blog\/cadeiras-corporativas-ergonomicas-criterios-tecnicos-para-empresas-e-instituicoes\/#Melhor_aproveitamento_do_ambiente\" >Melhor aproveitamento do ambiente<\/a><\/li><\/ul><\/li><li class='ez-toc-page-1 ez-toc-heading-level-2'><a class=\"ez-toc-link ez-toc-heading-24\" href=\"https:\/\/www.sistemamoveis.com.br\/blog\/cadeiras-corporativas-ergonomicas-criterios-tecnicos-para-empresas-e-instituicoes\/#Quando_contar_com_atendimento_consultivo_faz_diferenca\" >Quando contar com atendimento consultivo faz diferen\u00e7a<\/a><ul class='ez-toc-list-level-3' ><li class='ez-toc-heading-level-3'><a class=\"ez-toc-link ez-toc-heading-25\" href=\"https:\/\/www.sistemamoveis.com.br\/blog\/cadeiras-corporativas-ergonomicas-criterios-tecnicos-para-empresas-e-instituicoes\/#Solucoes_sob_medida_para_necessidades_reais\" >Solu\u00e7\u00f5es sob medida para necessidades reais<\/a><\/li><\/ul><\/li><li class='ez-toc-page-1 ez-toc-heading-level-2'><a class=\"ez-toc-link ez-toc-heading-26\" href=\"https:\/\/www.sistemamoveis.com.br\/blog\/cadeiras-corporativas-ergonomicas-criterios-tecnicos-para-empresas-e-instituicoes\/#O_que_considerar_antes_da_decisao_final\" >O que considerar antes da decis\u00e3o final<\/a><ul class='ez-toc-list-level-3' ><li class='ez-toc-heading-level-3'><a class=\"ez-toc-link ez-toc-heading-27\" href=\"https:\/\/www.sistemamoveis.com.br\/blog\/cadeiras-corporativas-ergonomicas-criterios-tecnicos-para-empresas-e-instituicoes\/#1_O_que_uma_cadeira_corporativa_ergonomica_precisa_ter\" >1. O que uma cadeira corporativa ergon\u00f4mica precisa ter?<\/a><\/li><li class='ez-toc-page-1 ez-toc-heading-level-3'><a class=\"ez-toc-link ez-toc-heading-28\" href=\"https:\/\/www.sistemamoveis.com.br\/blog\/cadeiras-corporativas-ergonomicas-criterios-tecnicos-para-empresas-e-instituicoes\/#2_Todas_as_areas_da_empresa_podem_usar_o_mesmo_modelo_de_cadeira\" >2. Todas as \u00e1reas da empresa podem usar o mesmo modelo de cadeira?<\/a><\/li><li class='ez-toc-page-1 ez-toc-heading-level-3'><a class=\"ez-toc-link ez-toc-heading-29\" href=\"https:\/\/www.sistemamoveis.com.br\/blog\/cadeiras-corporativas-ergonomicas-criterios-tecnicos-para-empresas-e-instituicoes\/#3_Ergonomia_realmente_deve_ser_prioridade_na_compra\" >3. Ergonomia realmente deve ser prioridade na compra?<\/a><\/li><li class='ez-toc-page-1 ez-toc-heading-level-3'><a class=\"ez-toc-link ez-toc-heading-30\" href=\"https:\/\/www.sistemamoveis.com.br\/blog\/cadeiras-corporativas-ergonomicas-criterios-tecnicos-para-empresas-e-instituicoes\/#4_A_Sistema_Moveis_atende_apenas_escritorios\" >4. A Sistema M\u00f3veis atende apenas escrit\u00f3rios?<\/a><\/li><li class='ez-toc-page-1 ez-toc-heading-level-3'><a class=\"ez-toc-link ez-toc-heading-31\" href=\"https:\/\/www.sistemamoveis.com.br\/blog\/cadeiras-corporativas-ergonomicas-criterios-tecnicos-para-empresas-e-instituicoes\/#5_Existe_depoimento_de_cliente_sobre_esse_tipo_de_atendimento\" >5. Existe depoimento de cliente sobre esse tipo de atendimento?<\/a><\/li><\/ul><\/li><\/ul><\/nav><\/div>\n<h2 class=\"wp-block-heading\"><span class=\"ez-toc-section\" id=\"A_importancia_da_ergonomia_no_ambiente_corporativo\"><\/span><a><\/a> <strong>A import\u00e2ncia da ergonomia no ambiente corporativo<\/strong><span class=\"ez-toc-section-end\"><\/span><\/h2>\n\n\n\n<p>A ergonomia aplicada ao ambiente de trabalho \u00e9 um dos principais pontos na escolha de cadeiras corporativas. Isso acontece porque a cadeira precisa acompanhar a din\u00e2mica do uso di\u00e1rio e oferecer condi\u00e7\u00f5es adequadas para perman\u00eancia ao longo da jornada. Em atividades administrativas, operacionais e de atendimento, o suporte incorreto pode gerar desconforto, desalinhamento postural e perda de funcionalidade no posto de trabalho.<\/p>\n\n\n\n<p>Levantamentos recentes mostram aumento na preocupa\u00e7\u00e3o de gestores com ergonomia, organiza\u00e7\u00e3o dos ambientes e inadequa\u00e7\u00e3o do mobili\u00e1rio corporativo, fatores que impactam diretamente produtividade e imagem profissional das empresas. Esse cen\u00e1rio refor\u00e7a a necessidade de tratar a cadeira como parte estrat\u00e9gica da estrutura corporativa, e n\u00e3o como item secund\u00e1rio.<\/p>\n\n\n\n<p>Uma cadeira ergon\u00f4mica n\u00e3o \u00e9 apenas aquela que parece confort\u00e1vel no primeiro contato. Ela precisa oferecer apoio coerente, adapta\u00e7\u00e3o ao usu\u00e1rio e compatibilidade com a rotina. O uso prolongado exige estabilidade, regulagens adequadas e boa integra\u00e7\u00e3o com mesas, bancadas e layout geral do ambiente.<\/p>\n\n\n\n<h3 class=\"wp-block-heading\"><span class=\"ez-toc-section\" id=\"Ergonomia_vai_alem_do_conforto_imediato\"><\/span><a><\/a> <strong>Ergonomia vai al\u00e9m do conforto imediato<\/strong><span class=\"ez-toc-section-end\"><\/span><\/h3>\n\n\n\n<p>\u00c9 comum associar ergonomia \u00e0 sensa\u00e7\u00e3o de maciez ou acolhimento. Mas o crit\u00e9rio t\u00e9cnico \u00e9 mais amplo. Uma cadeira pode parecer confort\u00e1vel em um teste r\u00e1pido e, ainda assim, n\u00e3o atender bem ao uso cont\u00ednuo. Da mesma forma, modelos mais t\u00e9cnicos podem demonstrar desempenho superior ao longo do expediente.<\/p>\n\n\n\n<p>O conforto duradouro depende da combina\u00e7\u00e3o entre estrutura, apoio lombar, regulagem de altura, encosto funcional, assento adequado e liberdade de movimento. Por isso, a avalia\u00e7\u00e3o correta precisa considerar o tempo real de uso e a atividade desempenhada no ambiente.<\/p>\n\n\n\n<h3 class=\"wp-block-heading\"><span class=\"ez-toc-section\" id=\"O_impacto_da_postura_no_uso_diario\"><\/span><a><\/a> <strong>O impacto da postura no uso di\u00e1rio<\/strong><span class=\"ez-toc-section-end\"><\/span><\/h3>\n\n\n\n<p>Em empresas e institui\u00e7\u00f5es, muitos profissionais permanecem sentados por per\u00edodos prolongados. Nesse contexto, a cadeira deve colaborar para uma posi\u00e7\u00e3o mais equilibrada, com apoio compat\u00edvel e dimens\u00f5es proporcionais ao usu\u00e1rio. Uma cadeira mal dimensionada ou sem ajustes pode dificultar a rotina e comprometer a experi\u00eancia de uso.<\/p>\n\n\n\n<p>Busca solu\u00e7\u00f5es corporativas eficientes e dur\u00e1veis? Converse com a Sistema M\u00f3veis.<\/p>\n\n\n\n<h2 class=\"wp-block-heading\"><span class=\"ez-toc-section\" id=\"Quais_criterios_tecnicos_devem_ser_avaliados_na_cadeira_corporativa\"><\/span><a><\/a> <strong>Quais crit\u00e9rios t\u00e9cnicos devem ser avaliados na cadeira corporativa<\/strong><span class=\"ez-toc-section-end\"><\/span><\/h2>\n\n\n\n<p>A an\u00e1lise t\u00e9cnica de cadeiras corporativas precisa partir de elementos objetivos. Em vez de decidir apenas pela est\u00e9tica, \u00e9 importante observar componentes que influenciam diretamente o desempenho do mobili\u00e1rio no dia a dia. Entre esses crit\u00e9rios est\u00e3o regulagens, tipo de encosto, base estrutural, revestimento, mobilidade, resist\u00eancia e adequa\u00e7\u00e3o ao contexto de uso.<\/p>\n\n\n\n<p>Cada detalhe interfere na funcionalidade final. Uma boa escolha considera o conjunto da cadeira e sua rela\u00e7\u00e3o com o ambiente, a equipe e as tarefas realizadas. N\u00e3o basta que o modelo seja visualmente atrativo. Ele precisa funcionar de forma eficiente na pr\u00e1tica.<\/p>\n\n\n\n<h3 class=\"wp-block-heading\"><span class=\"ez-toc-section\" id=\"Regulagem_de_altura_e_adaptacao_ao_usuario\"><\/span><a><\/a> <strong>Regulagem de altura e adapta\u00e7\u00e3o ao usu\u00e1rio<\/strong><span class=\"ez-toc-section-end\"><\/span><\/h3>\n\n\n\n<p>A regulagem de altura \u00e9 um dos recursos mais importantes em ambientes corporativos. Ela permite adaptar a cadeira a diferentes perfis de usu\u00e1rios e a diferentes alturas de mesas ou superf\u00edcies de trabalho. Em empresas com esta\u00e7\u00f5es compartilhadas ou equipes diversas, essa flexibilidade se torna ainda mais importante.<\/p>\n\n\n\n<p>Uma cadeira sem ajuste adequado reduz a possibilidade de posicionamento correto e limita a adapta\u00e7\u00e3o ao posto. Isso pode prejudicar conforto e uso funcional ao longo do expediente.<\/p>\n\n\n\n<h3 class=\"wp-block-heading\"><span class=\"ez-toc-section\" id=\"Encosto_e_apoio_lombar\"><\/span><a><\/a> <strong>Encosto e apoio lombar<\/strong><span class=\"ez-toc-section-end\"><\/span><\/h3>\n\n\n\n<p>O encosto deve oferecer sustenta\u00e7\u00e3o adequada \u00e0 regi\u00e3o das costas, especialmente na lombar. Modelos com desenho anat\u00f4mico tendem a favorecer melhor acomoda\u00e7\u00e3o do corpo durante o trabalho. Esse apoio n\u00e3o precisa ser excessivamente complexo, mas deve ser coerente com a atividade exercida e com o tempo de perman\u00eancia na cadeira.<\/p>\n\n\n\n<p>Um encosto mal resolvido pode reduzir a qualidade do uso, principalmente em postos administrativos com longos per\u00edodos sentados. \u00c9 por isso que esse item merece avalia\u00e7\u00e3o cuidadosa na especifica\u00e7\u00e3o.<\/p>\n\n\n\n<h3 class=\"wp-block-heading\"><span class=\"ez-toc-section\" id=\"Base_estrutura_e_estabilidade\"><\/span><a><\/a> <strong>Base, estrutura e estabilidade<\/strong><span class=\"ez-toc-section-end\"><\/span><\/h3>\n\n\n\n<p>Outro crit\u00e9rio essencial est\u00e1 na base da cadeira. Empresas e institui\u00e7\u00f5es precisam de solu\u00e7\u00f5es compat\u00edveis com uso cont\u00ednuo, movimenta\u00e7\u00e3o frequente e diferentes rotinas operacionais. A estrutura deve ser resistente, est\u00e1vel e adequada \u00e0 intensidade de uso do ambiente.<\/p>\n\n\n\n<p>Rod\u00edzios, mecanismos de movimenta\u00e7\u00e3o e resist\u00eancia dos componentes influenciam diretamente a durabilidade do mobili\u00e1rio. Em contextos corporativos, optar por estruturas fr\u00e1geis costuma gerar substitui\u00e7\u00f5es recorrentes e perda de padroniza\u00e7\u00e3o.<\/p>\n\n\n\n<h3 class=\"wp-block-heading\"><span class=\"ez-toc-section\" id=\"Revestimentos_e_facilidade_de_manutencao\"><\/span><a><\/a> <strong>Revestimentos e facilidade de manuten\u00e7\u00e3o<\/strong><span class=\"ez-toc-section-end\"><\/span><\/h3>\n\n\n\n<p>O revestimento tamb\u00e9m deve ser analisado com aten\u00e7\u00e3o. Ele precisa oferecer boa rela\u00e7\u00e3o entre conforto, resist\u00eancia e praticidade de manuten\u00e7\u00e3o. Em ambientes coletivos, a durabilidade do acabamento \u00e9 ainda mais importante, j\u00e1 que o uso tende a ser intenso e cont\u00ednuo.<\/p>\n\n\n\n<p>Precisa de m\u00f3veis sob medida para seu escrit\u00f3rio? Fale com especialistas.<\/p>\n\n\n\n<h2 class=\"wp-block-heading\"><span class=\"ez-toc-section\" id=\"A_relacao_entre_o_tipo_de_atividade_e_a_cadeira_ideal\"><\/span><a><\/a> <strong>A rela\u00e7\u00e3o entre o tipo de atividade e a cadeira ideal<\/strong><span class=\"ez-toc-section-end\"><\/span><\/h2>\n\n\n\n<p>Nem toda cadeira atende bem qualquer ambiente. Esse \u00e9 um erro bastante comum em compras corporativas. O tipo de atividade exercida, o tempo m\u00e9dio de uso e a din\u00e2mica operacional de cada setor devem influenciar diretamente a escolha do modelo.<\/p>\n\n\n\n<p>Uma \u00e1rea administrativa com perman\u00eancia prolongada exige cadeira diferente de uma sala de reuni\u00e3o. Uma recep\u00e7\u00e3o demanda outra l\u00f3gica de uso. Espa\u00e7os de coordena\u00e7\u00e3o, dire\u00e7\u00e3o, atendimento e atividades t\u00e9cnicas tamb\u00e9m t\u00eam necessidades espec\u00edficas. Ent\u00e3o por que tantas empresas ainda tentam padronizar tudo sem uma an\u00e1lise funcional?<\/p>\n\n\n\n<p>Quando a cadeira \u00e9 escolhida com base no uso real, o ambiente tende a funcionar melhor. A especifica\u00e7\u00e3o se torna mais precisa e o mobili\u00e1rio passa a apoiar a rotina com mais coer\u00eancia.<\/p>\n\n\n\n<h3 class=\"wp-block-heading\"><span class=\"ez-toc-section\" id=\"Cadeiras_para_postos_de_uso_prolongado\"><\/span><a><\/a> <strong>Cadeiras para postos de uso prolongado<\/strong><span class=\"ez-toc-section-end\"><\/span><\/h3>\n\n\n\n<p>Em setores administrativos e operacionais, onde o colaborador permanece mais tempo sentado, a exig\u00eancia ergon\u00f4mica costuma ser maior. Nesses casos, regulagens, apoio adequado e estabilidade estrutural ganham ainda mais import\u00e2ncia.<\/p>\n\n\n\n<h3 class=\"wp-block-heading\"><span class=\"ez-toc-section\" id=\"Cadeiras_para_recepcao_e_atendimento\"><\/span><a><\/a> <strong>Cadeiras para recep\u00e7\u00e3o e atendimento<\/strong><span class=\"ez-toc-section-end\"><\/span><\/h3>\n\n\n\n<p>Na recep\u00e7\u00e3o, a cadeira precisa atender \u00e0s demandas de ergonomia do profissional e, ao mesmo tempo, dialogar com a imagem institucional da empresa. Esse equil\u00edbrio entre funcionalidade e est\u00e9tica \u00e9 essencial para um bom resultado.<\/p>\n\n\n\n<h3 class=\"wp-block-heading\"><span class=\"ez-toc-section\" id=\"Cadeiras_para_salas_de_reuniao_e_uso_eventual\"><\/span><a><\/a> <strong>Cadeiras para salas de reuni\u00e3o e uso eventual<\/strong><span class=\"ez-toc-section-end\"><\/span><\/h3>\n\n\n\n<p>Em salas de reuni\u00e3o, a l\u00f3gica pode ser diferente. O uso costuma ser mais intermitente, o que permite foco maior na coer\u00eancia visual e no conforto compat\u00edvel com per\u00edodos mais curtos. Ainda assim, a cadeira deve manter qualidade e alinhamento com o restante do mobili\u00e1rio corporativo.<\/p>\n\n\n\n<p>\u201cEncontramos solu\u00e7\u00f5es sob medida para o nosso escrit\u00f3rio, com \u00f3timo aproveitamento do espa\u00e7o.\u201d \u2013 Cliente Sistema M\u00f3veis<\/p>\n\n\n\n<p>Deseja melhorar ergonomia e organiza\u00e7\u00e3o no ambiente de trabalho? Solicite um projeto.<\/p>\n\n\n\n<h2 class=\"wp-block-heading\"><span class=\"ez-toc-section\" id=\"Como_avaliar_conforto_de_forma_tecnica_e_nao_superficial\"><\/span><a><\/a> <strong>Como avaliar conforto de forma t\u00e9cnica e n\u00e3o superficial<\/strong><span class=\"ez-toc-section-end\"><\/span><\/h2>\n\n\n\n<p>O conforto \u00e9 um ponto importante, mas n\u00e3o deve ser interpretado de forma isolada. Muitas compras s\u00e3o decididas por impress\u00e3o inicial, sem considerar o desempenho da cadeira ao longo da rotina real de trabalho. Essa abordagem costuma gerar escolhas pouco eficientes no m\u00e9dio prazo.<\/p>\n\n\n\n<p>Uma avalia\u00e7\u00e3o t\u00e9cnica do conforto leva em conta o apoio do assento, o comportamento do encosto, a adapta\u00e7\u00e3o da cadeira ao corpo do usu\u00e1rio e a compatibilidade com a mesa ou esta\u00e7\u00e3o de trabalho. A cadeira precisa favorecer postura e uso funcional, e n\u00e3o apenas causar boa sensa\u00e7\u00e3o em um teste r\u00e1pido.<\/p>\n\n\n\n<h3 class=\"wp-block-heading\"><span class=\"ez-toc-section\" id=\"O_conforto_precisa_acompanhar_a_rotina\"><\/span><a><\/a> <strong>O conforto precisa acompanhar a rotina<\/strong><span class=\"ez-toc-section-end\"><\/span><\/h3>\n\n\n\n<p>N\u00e3o basta parecer confort\u00e1vel por alguns minutos. O que realmente importa \u00e9 como a cadeira se comporta durante horas de uso cont\u00ednuo. \u00c9 nesse momento que crit\u00e9rios como apoio lombar, estabilidade e regulagens mostram seu valor.<\/p>\n\n\n\n<h3 class=\"wp-block-heading\"><span class=\"ez-toc-section\" id=\"A_cadeira_faz_parte_do_sistema_de_trabalho\"><\/span><a><\/a> <strong>A cadeira faz parte do sistema de trabalho<\/strong><span class=\"ez-toc-section-end\"><\/span><\/h3>\n\n\n\n<p>O posto de trabalho deve ser analisado como um conjunto. Cadeira, mesa, circula\u00e7\u00e3o e equipamentos precisam funcionar de forma integrada. Um mobili\u00e1rio de qualidade perde desempenho quando inserido em um layout mal resolvido ou incompat\u00edvel com a rotina.<\/p>\n\n\n\n<h2 class=\"wp-block-heading\"><span class=\"ez-toc-section\" id=\"Durabilidade_e_resistencia_em_empresas_e_instituicoes\"><\/span><a><\/a> <strong>Durabilidade e resist\u00eancia em empresas e institui\u00e7\u00f5es<\/strong><span class=\"ez-toc-section-end\"><\/span><\/h2>\n\n\n\n<p>A cadeira corporativa precisa suportar uso frequente sem perder funcionalidade rapidamente. Em empresas e institui\u00e7\u00f5es, isso significa lidar com rotinas intensas, m\u00faltiplos usu\u00e1rios, movimenta\u00e7\u00e3o constante e necessidade de conserva\u00e7\u00e3o. A durabilidade deixa de ser apenas uma caracter\u00edstica desej\u00e1vel e passa a ser um crit\u00e9rio estrat\u00e9gico.<\/p>\n\n\n\n<p>Modelos fr\u00e1geis podem gerar manuten\u00e7\u00e3o recorrente, substitui\u00e7\u00f5es antecipadas e perda de padr\u00e3o visual no ambiente. Al\u00e9m disso, o desgaste prematuro compromete a imagem do espa\u00e7o e cria a sensa\u00e7\u00e3o de improviso. Qual empresa deseja transmitir desorganiza\u00e7\u00e3o por causa de um item t\u00e3o presente no dia a dia?<\/p>\n\n\n\n<h3 class=\"wp-block-heading\"><span class=\"ez-toc-section\" id=\"Resistencia_estrutural_e_vida_util\"><\/span><a><\/a> <strong>Resist\u00eancia estrutural e vida \u00fatil<\/strong><span class=\"ez-toc-section-end\"><\/span><\/h3>\n\n\n\n<p>A qualidade da estrutura, da base, dos mecanismos e dos revestimentos influencia diretamente o tempo de uso da cadeira. Em compras corporativas, vale observar o desempenho esperado do produto no contexto real da empresa.<\/p>\n\n\n\n<h3 class=\"wp-block-heading\"><span class=\"ez-toc-section\" id=\"Suporte_tecnico_e_continuidade_de_uso\"><\/span><a><\/a> <strong>Suporte t\u00e9cnico e continuidade de uso<\/strong><span class=\"ez-toc-section-end\"><\/span><\/h3>\n\n\n\n<p>Outro ponto importante \u00e9 o suporte oferecido pelo fornecedor. Assist\u00eancia t\u00e9cnica permanente e orienta\u00e7\u00e3o adequada ajudam a preservar a funcionalidade do mobili\u00e1rio e oferecem mais seguran\u00e7a no longo prazo.<\/p>\n\n\n\n<p>Quer padronizar seu mobili\u00e1rio corporativo com efici\u00eancia? Solicite orienta\u00e7\u00e3o t\u00e9cnica.<\/p>\n\n\n\n<p>\u201cDesde o projeto at\u00e9 a montagem, tudo foi feito com muito profissionalismo e organiza\u00e7\u00e3o.\u201d \u2013 Cliente Sistema M\u00f3veis<\/p>\n\n\n\n<h2 class=\"wp-block-heading\"><span class=\"ez-toc-section\" id=\"Padronizacao_visual_e_coerencia_entre_os_ambientes\"><\/span><a><\/a> <strong>Padroniza\u00e7\u00e3o visual e coer\u00eancia entre os ambientes<\/strong><span class=\"ez-toc-section-end\"><\/span><\/h2>\n\n\n\n<p>Al\u00e9m da fun\u00e7\u00e3o ergon\u00f4mica, as cadeiras tamb\u00e9m influenciam a leitura est\u00e9tica dos espa\u00e7os corporativos. Ambientes com modelos desconectados, acabamentos sem rela\u00e7\u00e3o entre si e escolhas improvisadas tendem a transmitir menor organiza\u00e7\u00e3o. J\u00e1 a padroniza\u00e7\u00e3o ajuda a refor\u00e7ar identidade visual e profissionalismo.<\/p>\n\n\n\n<p>Isso n\u00e3o significa usar exatamente o mesmo modelo em todos os setores. O mais importante \u00e9 manter coer\u00eancia entre as linhas escolhidas, respeitando as necessidades espec\u00edficas de cada \u00e1rea. Recep\u00e7\u00e3o, diretoria, administrativo, salas de reuni\u00e3o e espa\u00e7os t\u00e9cnicos podem ter solu\u00e7\u00f5es diferentes, desde que dialoguem visualmente.<\/p>\n\n\n\n<h3 class=\"wp-block-heading\"><span class=\"ez-toc-section\" id=\"Imagem_profissional_tambem_passa_pelo_mobiliario\"><\/span><a><\/a> <strong>Imagem profissional tamb\u00e9m passa pelo mobili\u00e1rio<\/strong><span class=\"ez-toc-section-end\"><\/span><\/h3>\n\n\n\n<p>O mobili\u00e1rio comunica valores. Quando a empresa apresenta um ambiente bem estruturado, com cadeiras compat\u00edveis com a proposta do espa\u00e7o, a percep\u00e7\u00e3o tende a ser de maior cuidado, planejamento e consist\u00eancia institucional.<\/p>\n\n\n\n<p>A Sistema M\u00f3veis atua com atendimento consultivo, projeto de mobili\u00e1rio corporativo e solu\u00e7\u00f5es sob medida para empresas de pequeno, m\u00e9dio e grande porte. Com experi\u00eancia desde 1993, oferece apoio t\u00e9cnico, padroniza\u00e7\u00e3o de ambientes corporativos, montagem profissional sem custo adicional e assist\u00eancia t\u00e9cnica permanente em S\u00e3o Paulo SP e regi\u00f5es corporativas estrat\u00e9gicas.<\/p>\n\n\n\n<h2 class=\"wp-block-heading\"><span class=\"ez-toc-section\" id=\"A_influencia_das_cadeiras_no_layout_e_na_organizacao_do_espaco\"><\/span><a><\/a> <strong>A influ\u00eancia das cadeiras no layout e na organiza\u00e7\u00e3o do espa\u00e7o<\/strong><span class=\"ez-toc-section-end\"><\/span><\/h2>\n\n\n\n<p>A escolha da cadeira n\u00e3o deve acontecer de forma isolada. Ela precisa ser compat\u00edvel com o layout, com a circula\u00e7\u00e3o e com as dimens\u00f5es das mesas e esta\u00e7\u00f5es de trabalho. Um modelo tecnicamente bom pode perder efici\u00eancia quando inserido em um ambiente sem planejamento.<\/p>\n\n\n\n<p>A organiza\u00e7\u00e3o espacial depende da rela\u00e7\u00e3o entre os m\u00f3veis. Dist\u00e2ncias inadequadas, conflito com arm\u00e1rios, falta de mobilidade e baixa integra\u00e7\u00e3o entre os elementos comprometem a funcionalidade geral do ambiente. Em outras palavras, a cadeira precisa fazer sentido dentro do projeto completo.<\/p>\n\n\n\n<h3 class=\"wp-block-heading\"><span class=\"ez-toc-section\" id=\"Integracao_com_mesas_e_estacoes_de_trabalho\"><\/span><a><\/a> <strong>Integra\u00e7\u00e3o com mesas e esta\u00e7\u00f5es de trabalho<\/strong><span class=\"ez-toc-section-end\"><\/span><\/h3>\n\n\n\n<p>A compatibilidade entre cadeira e mesa \u00e9 decisiva. Altura, profundidade, espa\u00e7o para aproxima\u00e7\u00e3o e liberdade de movimento influenciam diretamente o uso cotidiano do posto.<\/p>\n\n\n\n<h3 class=\"wp-block-heading\"><span class=\"ez-toc-section\" id=\"Melhor_aproveitamento_do_ambiente\"><\/span><a><\/a> <strong>Melhor aproveitamento do ambiente<\/strong><span class=\"ez-toc-section-end\"><\/span><\/h3>\n\n\n\n<p>Quando o layout \u00e9 bem planejado, a empresa consegue distribuir melhor os postos de trabalho, preservar circula\u00e7\u00e3o e manter organiza\u00e7\u00e3o visual. Isso melhora a experi\u00eancia do ambiente e fortalece sua efici\u00eancia operacional.<\/p>\n\n\n\n<p>Precisa planejar um ambiente profissional funcional? Entre em contato com consultores.<\/p>\n\n\n\n<p>Aten\u00e7\u00e3o | Atendimento via WhatsApp e e-mail. Condi\u00e7\u00f5es de agenda, disponibilidade de montagem, prazos e log\u00edstica podem variar conforme demanda e confirma\u00e7\u00e3o com a equipe da Sistema M\u00f3veis.<\/p>\n\n\n\n<h2 class=\"wp-block-heading\"><span class=\"ez-toc-section\" id=\"Quando_contar_com_atendimento_consultivo_faz_diferenca\"><\/span><a><\/a> <strong>Quando contar com atendimento consultivo faz diferen\u00e7a<\/strong><span class=\"ez-toc-section-end\"><\/span><\/h2>\n\n\n\n<p>Em muitas situa\u00e7\u00f5es, a compra de cadeiras corporativas n\u00e3o deve ser feita apenas por cat\u00e1logo. Empresas em fase de expans\u00e3o, reestrutura\u00e7\u00e3o, mudan\u00e7a de sede ou reorganiza\u00e7\u00e3o interna costumam obter melhores resultados quando contam com atendimento consultivo.<\/p>\n\n\n\n<p>Essa abordagem permite analisar o ambiente de forma mais ampla, considerando layout, perfil dos usu\u00e1rios, tipo de atividade, necessidade de padroniza\u00e7\u00e3o e exig\u00eancia de durabilidade. Em vez de decis\u00f5es gen\u00e9ricas, a empresa passa a especificar com mais crit\u00e9rio.<\/p>\n\n\n\n<h3 class=\"wp-block-heading\"><span class=\"ez-toc-section\" id=\"Solucoes_sob_medida_para_necessidades_reais\"><\/span><a><\/a> <strong>Solu\u00e7\u00f5es sob medida para necessidades reais<\/strong><span class=\"ez-toc-section-end\"><\/span><\/h3>\n\n\n\n<p>O apoio consultivo ajuda a entender quando a cadeira padr\u00e3o atende bem e quando o projeto precisa de solu\u00e7\u00f5es mais ajustadas ao ambiente. Isso reduz erros e melhora a coer\u00eancia do resultado final.<\/p>\n\n\n\n<p>A Sistema M\u00f3veis trabalha com mobili\u00e1rio para escrit\u00f3rios, recep\u00e7\u00e3o, audit\u00f3rios e galp\u00f5es, desenvolvendo solu\u00e7\u00f5es corporativas com foco em funcionalidade, ergonomia e efici\u00eancia operacional. Essa vis\u00e3o integrada facilita decis\u00f5es mais estrat\u00e9gicas para empresas e institui\u00e7\u00f5es.<\/p>\n\n\n\n<p>\u201cA equipe entendeu exatamente nossa necessidade corporativa e entregou dentro do esperado.\u201d \u2013 Cliente Sistema M\u00f3veis<\/p>\n\n\n\n<h2 class=\"wp-block-heading\"><span class=\"ez-toc-section\" id=\"O_que_considerar_antes_da_decisao_final\"><\/span><a><\/a> <strong>O que considerar antes da decis\u00e3o final<\/strong><span class=\"ez-toc-section-end\"><\/span><\/h2>\n\n\n\n<p>Antes de fechar a compra, \u00e9 importante avaliar o tempo m\u00e9dio de uso di\u00e1rio, o tipo de atividade, a necessidade de ajustes, o padr\u00e3o visual desejado, a durabilidade esperada e a estrutura de suporte do fornecedor. Quanto mais precisa for essa leitura, maiores as chances de acerto.<\/p>\n\n\n\n<p>A cadeira corporativa ergon\u00f4mica deve ser vista como parte essencial do ambiente profissional. Ela contribui para conforto, organiza\u00e7\u00e3o, imagem institucional e qualidade operacional. Ignorar esses fatores pode comprometer um projeto inteiro que, em outros aspectos, foi bem planejado.<\/p>\n\n\n\n<p>Sua empresa est\u00e1 escolhendo cadeiras com base em crit\u00e9rios t\u00e9cnicos ou apenas por apar\u00eancia e pre\u00e7o? Para avan\u00e7ar com mais seguran\u00e7a, vale conversar com especialistas e solicitar uma avalia\u00e7\u00e3o do ambiente.<\/p>\n\n\n\n<p>Cadeiras corporativas ergon\u00f4micas: crit\u00e9rios t\u00e9cnicos para empresas e institui\u00e7\u00f5es<\/p>\n\n\n\n<p>FAQ \u2014 Perguntas frequentes<\/p>\n\n\n\n<h3 class=\"wp-block-heading\"><span class=\"ez-toc-section\" id=\"1_O_que_uma_cadeira_corporativa_ergonomica_precisa_ter\"><\/span><a><\/a> <strong>1. O que uma cadeira corporativa ergon\u00f4mica precisa ter?<\/strong><span class=\"ez-toc-section-end\"><\/span><\/h3>\n\n\n\n<p>Ela deve oferecer ajustes compat\u00edveis com o uso, apoio adequado, estrutura resistente e coer\u00eancia com a atividade exercida no ambiente profissional.<\/p>\n\n\n\n<h3 class=\"wp-block-heading\"><span class=\"ez-toc-section\" id=\"2_Todas_as_areas_da_empresa_podem_usar_o_mesmo_modelo_de_cadeira\"><\/span><a><\/a> <strong>2. Todas as \u00e1reas da empresa podem usar o mesmo modelo de cadeira?<\/strong><span class=\"ez-toc-section-end\"><\/span><\/h3>\n\n\n\n<p>Nem sempre. Cada setor possui rotina, tempo de uso e necessidades diferentes, o que pode exigir modelos distintos.<\/p>\n\n\n\n<h3 class=\"wp-block-heading\"><span class=\"ez-toc-section\" id=\"3_Ergonomia_realmente_deve_ser_prioridade_na_compra\"><\/span><a><\/a> <strong>3. Ergonomia realmente deve ser prioridade na compra?<\/strong><span class=\"ez-toc-section-end\"><\/span><\/h3>\n\n\n\n<p>Sim. Em ambientes corporativos, a ergonomia ajuda a estruturar postos mais funcionais, confort\u00e1veis e adequados \u00e0 rotina de trabalho.<\/p>\n\n\n\n<h3 class=\"wp-block-heading\"><span class=\"ez-toc-section\" id=\"4_A_Sistema_Moveis_atende_apenas_escritorios\"><\/span><a><\/a> <strong>4. A Sistema M\u00f3veis atende apenas escrit\u00f3rios?<\/strong><span class=\"ez-toc-section-end\"><\/span><\/h3>\n\n\n\n<p>N\u00e3o. A empresa atua com mobili\u00e1rio para escrit\u00f3rios, recep\u00e7\u00e3o, audit\u00f3rios e galp\u00f5es, atendendo empresas e institui\u00e7\u00f5es de diferentes portes.<\/p>\n\n\n\n<h3 class=\"wp-block-heading\"><span class=\"ez-toc-section\" id=\"5_Existe_depoimento_de_cliente_sobre_esse_tipo_de_atendimento\"><\/span><a><\/a> <strong>5. Existe depoimento de cliente sobre esse tipo de atendimento?<\/strong><span class=\"ez-toc-section-end\"><\/span><\/h3>\n\n\n\n<p>Sim. \u201cA equipe entendeu exatamente nossa necessidade corporativa e entregou dentro do esperado.\u201d \u2013 Cliente Sistema M\u00f3veis<\/p>\n\n\n\n<p>Este conte\u00fado \u00e9 atualizado periodicamente conforme as melhores pr\u00e1ticas de comunica\u00e7\u00e3o respons\u00e1vel em mobili\u00e1rio corporativo, ergonomia, projeto de ambientes profissionais e gest\u00e3o de espa\u00e7os empresariais em S\u00e3o Paulo.<\/p>\n\n\n\n<p><\/p>\n","protected":false},"excerpt":{"rendered":"<p><span class=\"span-reading-time rt-reading-time\" style=\"display: block;\"><span class=\"rt-label rt-prefix\">Tempo de leitura: <\/span> <span class=\"rt-time\"> 9<\/span> <span class=\"rt-label rt-postfix\">minutos<\/span><\/span>Cadeiras corporativas ergon\u00f4micas: crit\u00e9rios t\u00e9cnicos para empresas e institui\u00e7\u00f5es devem ser analisadas com aten\u00e7\u00e3o por empresas que desejam estruturar ambientes profissionais mais funcionais, confort\u00e1veis e coerentes com a rotina de uso. Em escrit\u00f3rios, institui\u00e7\u00f5es de ensino, \u00e1reas administrativas, recep\u00e7\u00f5es e setores t\u00e9cnicos, a cadeira \u00e9 um dos m\u00f3veis mais utilizados ao longo do expediente e &hellip; <\/p>\n","protected":false},"author":1,"featured_media":313,"comment_status":"open","ping_status":"open","sticky":false,"template":"","format":"standard","meta":{"footnotes":""},"categories":[446],"tags":[1846,1847,1860,1865,1843,1844,1842,1858,1857,1852],"class_list":["post-312","post","type-post","status-publish","format-standard","has-post-thumbnail","hentry","category-cadeira-giratoria-para-consultorio","tag-ambiente-corporativo","tag-ambiente-de-trabalho","tag-cadeira-corporativa","tag-cadeiras-corporativas-ergonomicas","tag-ergonomia","tag-ergonomia-ambiente-corporativo","tag-ergonomia-no-ambiente-de-trabalho","tag-mobiliario-para-auditorios-e-salas-de-treinamento","tag-movel","tag-planejamento-de-layout-corporativo","latest_post"],"yoast_head":"<!-- This site is optimized with the Yoast SEO plugin v27.0 - https:\/\/yoast.com\/product\/yoast-seo-wordpress\/ -->\n<title>Cadeiras corporativas ergon\u00f4micas: crit\u00e9rios t\u00e9cnicos para empresas e institui\u00e7\u00f5es - Sistema M\u00f3veis<\/title>\n<meta name=\"description\" content=\"Cadeiras corporativas ergon\u00f4micas: crit\u00e9rios t\u00e9cnicos para empresas e institui\u00e7\u00f5es devem ser analisadas com aten\u00e7\u00e3o por empresas que desej...\" \/>\n<meta name=\"robots\" content=\"index, follow, max-snippet:-1, max-image-preview:large, max-video-preview:-1\" \/>\n<link rel=\"canonical\" href=\"https:\/\/www.sistemamoveis.com.br\/blog\/cadeiras-corporativas-ergonomicas-criterios-tecnicos-para-empresas-e-instituicoes\/\" \/>\n<meta property=\"og:locale\" content=\"pt_BR\" \/>\n<meta property=\"og:type\" content=\"article\" \/>\n<meta property=\"og:title\" content=\"Cadeiras corporativas ergon\u00f4micas: crit\u00e9rios t\u00e9cnicos para empresas e institui\u00e7\u00f5es - Sistema M\u00f3veis\" \/>\n<meta property=\"og:description\" content=\"Cadeiras corporativas ergon\u00f4micas: crit\u00e9rios t\u00e9cnicos para empresas e institui\u00e7\u00f5es devem ser analisadas com aten\u00e7\u00e3o por empresas que desej...\" \/>\n<meta property=\"og:url\" content=\"https:\/\/www.sistemamoveis.com.br\/blog\/cadeiras-corporativas-ergonomicas-criterios-tecnicos-para-empresas-e-instituicoes\/\" \/>\n<meta property=\"og:site_name\" content=\"Sistema M\u00f3veis\" \/>\n<meta property=\"article:published_time\" content=\"2026-04-21T14:55:30+00:00\" \/>\n<meta property=\"article:modified_time\" content=\"2026-04-30T14:57:48+00:00\" \/>\n<meta property=\"og:image\" content=\"https:\/\/www.sistemamoveis.com.br\/blog\/wp-content\/uploads\/2026\/04\/Cadeiras-corporativas-ergonomicas-1.jpg\" \/>\n\t<meta property=\"og:image:width\" content=\"2000\" \/>\n\t<meta property=\"og:image:height\" content=\"1121\" \/>\n\t<meta property=\"og:image:type\" content=\"image\/jpeg\" \/>\n<meta name=\"author\" content=\"admin\" \/>\n<meta name=\"twitter:card\" content=\"summary_large_image\" \/>\n<meta name=\"twitter:label1\" content=\"Escrito por\" \/>\n\t<meta name=\"twitter:data1\" content=\"admin\" \/>\n\t<meta name=\"twitter:label2\" content=\"Est. tempo de leitura\" \/>\n\t<meta name=\"twitter:data2\" content=\"14 minutos\" \/>\n<script type=\"application\/ld+json\" class=\"yoast-schema-graph\">{\"@context\":\"https:\/\/schema.org\",\"@graph\":[{\"@type\":\"Article\",\"@id\":\"https:\/\/www.sistemamoveis.com.br\/blog\/cadeiras-corporativas-ergonomicas-criterios-tecnicos-para-empresas-e-instituicoes\/#article\",\"isPartOf\":{\"@id\":\"https:\/\/www.sistemamoveis.com.br\/blog\/cadeiras-corporativas-ergonomicas-criterios-tecnicos-para-empresas-e-instituicoes\/\"},\"author\":{\"name\":\"admin\",\"@id\":\"https:\/\/www.sistemamoveis.com.br\/blog\/#\/schema\/person\/e9ac77f2e566e70d67677c219d7a7c7a\"},\"headline\":\"Cadeiras corporativas ergon\u00f4micas: crit\u00e9rios t\u00e9cnicos para empresas e institui\u00e7\u00f5es\",\"datePublished\":\"2026-04-21T14:55:30+00:00\",\"dateModified\":\"2026-04-30T14:57:48+00:00\",\"mainEntityOfPage\":{\"@id\":\"https:\/\/www.sistemamoveis.com.br\/blog\/cadeiras-corporativas-ergonomicas-criterios-tecnicos-para-empresas-e-instituicoes\/\"},\"wordCount\":2752,\"commentCount\":0,\"publisher\":{\"@id\":\"https:\/\/www.sistemamoveis.com.br\/blog\/#organization\"},\"image\":{\"@id\":\"https:\/\/www.sistemamoveis.com.br\/blog\/cadeiras-corporativas-ergonomicas-criterios-tecnicos-para-empresas-e-instituicoes\/#primaryimage\"},\"thumbnailUrl\":\"https:\/\/www.sistemamoveis.com.br\/blog\/wp-content\/uploads\/2026\/04\/Cadeiras-corporativas-ergonomicas-1.jpg\",\"keywords\":[\"Ambiente Corporativo\",\"Ambiente de Trabalho\",\"Cadeira Corporativa\",\"Cadeiras corporativas ergon\u00f4micas\",\"Ergonomia\",\"Ergonomia Ambiente Corporativo\",\"Ergonomia no ambiente de trabalho\",\"Mobili\u00e1rio para audit\u00f3rios e salas de treinamento\",\"M\u00f3vel\",\"Planejamento de layout corporativo\"],\"articleSection\":[\"Cadeira girat\u00f3ria para consult\u00f3rio\"],\"inLanguage\":\"pt-BR\",\"potentialAction\":[{\"@type\":\"CommentAction\",\"name\":\"Comment\",\"target\":[\"https:\/\/www.sistemamoveis.com.br\/blog\/cadeiras-corporativas-ergonomicas-criterios-tecnicos-para-empresas-e-instituicoes\/#respond\"]}]},{\"@type\":\"WebPage\",\"@id\":\"https:\/\/www.sistemamoveis.com.br\/blog\/cadeiras-corporativas-ergonomicas-criterios-tecnicos-para-empresas-e-instituicoes\/\",\"url\":\"https:\/\/www.sistemamoveis.com.br\/blog\/cadeiras-corporativas-ergonomicas-criterios-tecnicos-para-empresas-e-instituicoes\/\",\"name\":\"Cadeiras corporativas ergon\u00f4micas: crit\u00e9rios t\u00e9cnicos para empresas e institui\u00e7\u00f5es - Sistema M\u00f3veis\",\"isPartOf\":{\"@id\":\"https:\/\/www.sistemamoveis.com.br\/blog\/#website\"},\"primaryImageOfPage\":{\"@id\":\"https:\/\/www.sistemamoveis.com.br\/blog\/cadeiras-corporativas-ergonomicas-criterios-tecnicos-para-empresas-e-instituicoes\/#primaryimage\"},\"image\":{\"@id\":\"https:\/\/www.sistemamoveis.com.br\/blog\/cadeiras-corporativas-ergonomicas-criterios-tecnicos-para-empresas-e-instituicoes\/#primaryimage\"},\"thumbnailUrl\":\"https:\/\/www.sistemamoveis.com.br\/blog\/wp-content\/uploads\/2026\/04\/Cadeiras-corporativas-ergonomicas-1.jpg\",\"datePublished\":\"2026-04-21T14:55:30+00:00\",\"dateModified\":\"2026-04-30T14:57:48+00:00\",\"description\":\"Cadeiras corporativas ergon\u00f4micas: crit\u00e9rios t\u00e9cnicos para empresas e institui\u00e7\u00f5es devem ser analisadas com aten\u00e7\u00e3o por empresas que desej...\",\"breadcrumb\":{\"@id\":\"https:\/\/www.sistemamoveis.com.br\/blog\/cadeiras-corporativas-ergonomicas-criterios-tecnicos-para-empresas-e-instituicoes\/#breadcrumb\"},\"inLanguage\":\"pt-BR\",\"potentialAction\":[{\"@type\":\"ReadAction\",\"target\":[\"https:\/\/www.sistemamoveis.com.br\/blog\/cadeiras-corporativas-ergonomicas-criterios-tecnicos-para-empresas-e-instituicoes\/\"]}]},{\"@type\":\"ImageObject\",\"inLanguage\":\"pt-BR\",\"@id\":\"https:\/\/www.sistemamoveis.com.br\/blog\/cadeiras-corporativas-ergonomicas-criterios-tecnicos-para-empresas-e-instituicoes\/#primaryimage\",\"url\":\"https:\/\/www.sistemamoveis.com.br\/blog\/wp-content\/uploads\/2026\/04\/Cadeiras-corporativas-ergonomicas-1.jpg\",\"contentUrl\":\"https:\/\/www.sistemamoveis.com.br\/blog\/wp-content\/uploads\/2026\/04\/Cadeiras-corporativas-ergonomicas-1.jpg\",\"width\":2000,\"height\":1121,\"caption\":\"Cadeiras corporativas ergon\u00f4micas\"},{\"@type\":\"BreadcrumbList\",\"@id\":\"https:\/\/www.sistemamoveis.com.br\/blog\/cadeiras-corporativas-ergonomicas-criterios-tecnicos-para-empresas-e-instituicoes\/#breadcrumb\",\"itemListElement\":[{\"@type\":\"ListItem\",\"position\":1,\"name\":\"In\u00edcio\",\"item\":\"https:\/\/www.sistemamoveis.com.br\/blog\/\"},{\"@type\":\"ListItem\",\"position\":2,\"name\":\"Cadeiras corporativas ergon\u00f4micas: crit\u00e9rios t\u00e9cnicos para empresas e institui\u00e7\u00f5es\"}]},{\"@type\":\"WebSite\",\"@id\":\"https:\/\/www.sistemamoveis.com.br\/blog\/#website\",\"url\":\"https:\/\/www.sistemamoveis.com.br\/blog\/\",\"name\":\"Sistema M\u00f3veis\",\"description\":\"Blog - Sistema M\u00f3veis\",\"publisher\":{\"@id\":\"https:\/\/www.sistemamoveis.com.br\/blog\/#organization\"},\"potentialAction\":[{\"@type\":\"SearchAction\",\"target\":{\"@type\":\"EntryPoint\",\"urlTemplate\":\"https:\/\/www.sistemamoveis.com.br\/blog\/?s={search_term_string}\"},\"query-input\":{\"@type\":\"PropertyValueSpecification\",\"valueRequired\":true,\"valueName\":\"search_term_string\"}}],\"inLanguage\":\"pt-BR\"},{\"@type\":\"Organization\",\"@id\":\"https:\/\/www.sistemamoveis.com.br\/blog\/#organization\",\"name\":\"Sistema M\u00f3veis\",\"url\":\"https:\/\/www.sistemamoveis.com.br\/blog\/\",\"logo\":{\"@type\":\"ImageObject\",\"inLanguage\":\"pt-BR\",\"@id\":\"https:\/\/www.sistemamoveis.com.br\/blog\/#\/schema\/logo\/image\/\",\"url\":\"https:\/\/www.sistemamoveis.com.br\/blog\/wp-content\/uploads\/2023\/10\/logo.png\",\"contentUrl\":\"https:\/\/www.sistemamoveis.com.br\/blog\/wp-content\/uploads\/2023\/10\/logo.png\",\"width\":178,\"height\":55,\"caption\":\"Sistema M\u00f3veis\"},\"image\":{\"@id\":\"https:\/\/www.sistemamoveis.com.br\/blog\/#\/schema\/logo\/image\/\"}},{\"@type\":\"Person\",\"@id\":\"https:\/\/www.sistemamoveis.com.br\/blog\/#\/schema\/person\/e9ac77f2e566e70d67677c219d7a7c7a\",\"name\":\"admin\",\"image\":{\"@type\":\"ImageObject\",\"inLanguage\":\"pt-BR\",\"@id\":\"https:\/\/www.sistemamoveis.com.br\/blog\/#\/schema\/person\/image\/\",\"url\":\"https:\/\/secure.gravatar.com\/avatar\/ae92580851fb03298934a1b9611b38c6dbe9c76ce20ff6d3222955b1fd38e5da?s=96&d=mm&r=g\",\"contentUrl\":\"https:\/\/secure.gravatar.com\/avatar\/ae92580851fb03298934a1b9611b38c6dbe9c76ce20ff6d3222955b1fd38e5da?s=96&d=mm&r=g\",\"caption\":\"admin\"},\"sameAs\":[\"https:\/\/www.sistemamoveis.com.br\/blog\"],\"url\":\"https:\/\/www.sistemamoveis.com.br\/blog\/author\/admin\/\"}]}<\/script>\n<!-- \/ Yoast SEO plugin. -->","yoast_head_json":{"title":"Cadeiras corporativas ergon\u00f4micas: crit\u00e9rios t\u00e9cnicos para empresas e institui\u00e7\u00f5es - Sistema M\u00f3veis","description":"Cadeiras corporativas ergon\u00f4micas: crit\u00e9rios t\u00e9cnicos para empresas e institui\u00e7\u00f5es devem ser analisadas com aten\u00e7\u00e3o por empresas que desej...","robots":{"index":"index","follow":"follow","max-snippet":"max-snippet:-1","max-image-preview":"max-image-preview:large","max-video-preview":"max-video-preview:-1"},"canonical":"https:\/\/www.sistemamoveis.com.br\/blog\/cadeiras-corporativas-ergonomicas-criterios-tecnicos-para-empresas-e-instituicoes\/","og_locale":"pt_BR","og_type":"article","og_title":"Cadeiras corporativas ergon\u00f4micas: crit\u00e9rios t\u00e9cnicos para empresas e institui\u00e7\u00f5es - Sistema M\u00f3veis","og_description":"Cadeiras corporativas ergon\u00f4micas: crit\u00e9rios t\u00e9cnicos para empresas e institui\u00e7\u00f5es devem ser analisadas com aten\u00e7\u00e3o por empresas que desej...","og_url":"https:\/\/www.sistemamoveis.com.br\/blog\/cadeiras-corporativas-ergonomicas-criterios-tecnicos-para-empresas-e-instituicoes\/","og_site_name":"Sistema M\u00f3veis","article_published_time":"2026-04-21T14:55:30+00:00","article_modified_time":"2026-04-30T14:57:48+00:00","og_image":[{"width":2000,"height":1121,"url":"https:\/\/www.sistemamoveis.com.br\/blog\/wp-content\/uploads\/2026\/04\/Cadeiras-corporativas-ergonomicas-1.jpg","type":"image\/jpeg"}],"author":"admin","twitter_card":"summary_large_image","twitter_misc":{"Escrito por":"admin","Est. tempo de leitura":"14 minutos"},"schema":{"@context":"https:\/\/schema.org","@graph":[{"@type":"Article","@id":"https:\/\/www.sistemamoveis.com.br\/blog\/cadeiras-corporativas-ergonomicas-criterios-tecnicos-para-empresas-e-instituicoes\/#article","isPartOf":{"@id":"https:\/\/www.sistemamoveis.com.br\/blog\/cadeiras-corporativas-ergonomicas-criterios-tecnicos-para-empresas-e-instituicoes\/"},"author":{"name":"admin","@id":"https:\/\/www.sistemamoveis.com.br\/blog\/#\/schema\/person\/e9ac77f2e566e70d67677c219d7a7c7a"},"headline":"Cadeiras corporativas ergon\u00f4micas: crit\u00e9rios t\u00e9cnicos para empresas e institui\u00e7\u00f5es","datePublished":"2026-04-21T14:55:30+00:00","dateModified":"2026-04-30T14:57:48+00:00","mainEntityOfPage":{"@id":"https:\/\/www.sistemamoveis.com.br\/blog\/cadeiras-corporativas-ergonomicas-criterios-tecnicos-para-empresas-e-instituicoes\/"},"wordCount":2752,"commentCount":0,"publisher":{"@id":"https:\/\/www.sistemamoveis.com.br\/blog\/#organization"},"image":{"@id":"https:\/\/www.sistemamoveis.com.br\/blog\/cadeiras-corporativas-ergonomicas-criterios-tecnicos-para-empresas-e-instituicoes\/#primaryimage"},"thumbnailUrl":"https:\/\/www.sistemamoveis.com.br\/blog\/wp-content\/uploads\/2026\/04\/Cadeiras-corporativas-ergonomicas-1.jpg","keywords":["Ambiente Corporativo","Ambiente de Trabalho","Cadeira Corporativa","Cadeiras corporativas ergon\u00f4micas","Ergonomia","Ergonomia Ambiente Corporativo","Ergonomia no ambiente de trabalho","Mobili\u00e1rio para audit\u00f3rios e salas de treinamento","M\u00f3vel","Planejamento de layout corporativo"],"articleSection":["Cadeira girat\u00f3ria para consult\u00f3rio"],"inLanguage":"pt-BR","potentialAction":[{"@type":"CommentAction","name":"Comment","target":["https:\/\/www.sistemamoveis.com.br\/blog\/cadeiras-corporativas-ergonomicas-criterios-tecnicos-para-empresas-e-instituicoes\/#respond"]}]},{"@type":"WebPage","@id":"https:\/\/www.sistemamoveis.com.br\/blog\/cadeiras-corporativas-ergonomicas-criterios-tecnicos-para-empresas-e-instituicoes\/","url":"https:\/\/www.sistemamoveis.com.br\/blog\/cadeiras-corporativas-ergonomicas-criterios-tecnicos-para-empresas-e-instituicoes\/","name":"Cadeiras corporativas ergon\u00f4micas: crit\u00e9rios t\u00e9cnicos para empresas e institui\u00e7\u00f5es - Sistema M\u00f3veis","isPartOf":{"@id":"https:\/\/www.sistemamoveis.com.br\/blog\/#website"},"primaryImageOfPage":{"@id":"https:\/\/www.sistemamoveis.com.br\/blog\/cadeiras-corporativas-ergonomicas-criterios-tecnicos-para-empresas-e-instituicoes\/#primaryimage"},"image":{"@id":"https:\/\/www.sistemamoveis.com.br\/blog\/cadeiras-corporativas-ergonomicas-criterios-tecnicos-para-empresas-e-instituicoes\/#primaryimage"},"thumbnailUrl":"https:\/\/www.sistemamoveis.com.br\/blog\/wp-content\/uploads\/2026\/04\/Cadeiras-corporativas-ergonomicas-1.jpg","datePublished":"2026-04-21T14:55:30+00:00","dateModified":"2026-04-30T14:57:48+00:00","description":"Cadeiras corporativas ergon\u00f4micas: crit\u00e9rios t\u00e9cnicos para empresas e institui\u00e7\u00f5es devem ser analisadas com aten\u00e7\u00e3o por empresas que desej...","breadcrumb":{"@id":"https:\/\/www.sistemamoveis.com.br\/blog\/cadeiras-corporativas-ergonomicas-criterios-tecnicos-para-empresas-e-instituicoes\/#breadcrumb"},"inLanguage":"pt-BR","potentialAction":[{"@type":"ReadAction","target":["https:\/\/www.sistemamoveis.com.br\/blog\/cadeiras-corporativas-ergonomicas-criterios-tecnicos-para-empresas-e-instituicoes\/"]}]},{"@type":"ImageObject","inLanguage":"pt-BR","@id":"https:\/\/www.sistemamoveis.com.br\/blog\/cadeiras-corporativas-ergonomicas-criterios-tecnicos-para-empresas-e-instituicoes\/#primaryimage","url":"https:\/\/www.sistemamoveis.com.br\/blog\/wp-content\/uploads\/2026\/04\/Cadeiras-corporativas-ergonomicas-1.jpg","contentUrl":"https:\/\/www.sistemamoveis.com.br\/blog\/wp-content\/uploads\/2026\/04\/Cadeiras-corporativas-ergonomicas-1.jpg","width":2000,"height":1121,"caption":"Cadeiras corporativas ergon\u00f4micas"},{"@type":"BreadcrumbList","@id":"https:\/\/www.sistemamoveis.com.br\/blog\/cadeiras-corporativas-ergonomicas-criterios-tecnicos-para-empresas-e-instituicoes\/#breadcrumb","itemListElement":[{"@type":"ListItem","position":1,"name":"In\u00edcio","item":"https:\/\/www.sistemamoveis.com.br\/blog\/"},{"@type":"ListItem","position":2,"name":"Cadeiras corporativas ergon\u00f4micas: crit\u00e9rios t\u00e9cnicos para empresas e institui\u00e7\u00f5es"}]},{"@type":"WebSite","@id":"https:\/\/www.sistemamoveis.com.br\/blog\/#website","url":"https:\/\/www.sistemamoveis.com.br\/blog\/","name":"Sistema M\u00f3veis","description":"Blog - Sistema M\u00f3veis","publisher":{"@id":"https:\/\/www.sistemamoveis.com.br\/blog\/#organization"},"potentialAction":[{"@type":"SearchAction","target":{"@type":"EntryPoint","urlTemplate":"https:\/\/www.sistemamoveis.com.br\/blog\/?s={search_term_string}"},"query-input":{"@type":"PropertyValueSpecification","valueRequired":true,"valueName":"search_term_string"}}],"inLanguage":"pt-BR"},{"@type":"Organization","@id":"https:\/\/www.sistemamoveis.com.br\/blog\/#organization","name":"Sistema M\u00f3veis","url":"https:\/\/www.sistemamoveis.com.br\/blog\/","logo":{"@type":"ImageObject","inLanguage":"pt-BR","@id":"https:\/\/www.sistemamoveis.com.br\/blog\/#\/schema\/logo\/image\/","url":"https:\/\/www.sistemamoveis.com.br\/blog\/wp-content\/uploads\/2023\/10\/logo.png","contentUrl":"https:\/\/www.sistemamoveis.com.br\/blog\/wp-content\/uploads\/2023\/10\/logo.png","width":178,"height":55,"caption":"Sistema M\u00f3veis"},"image":{"@id":"https:\/\/www.sistemamoveis.com.br\/blog\/#\/schema\/logo\/image\/"}},{"@type":"Person","@id":"https:\/\/www.sistemamoveis.com.br\/blog\/#\/schema\/person\/e9ac77f2e566e70d67677c219d7a7c7a","name":"admin","image":{"@type":"ImageObject","inLanguage":"pt-BR","@id":"https:\/\/www.sistemamoveis.com.br\/blog\/#\/schema\/person\/image\/","url":"https:\/\/secure.gravatar.com\/avatar\/ae92580851fb03298934a1b9611b38c6dbe9c76ce20ff6d3222955b1fd38e5da?s=96&d=mm&r=g","contentUrl":"https:\/\/secure.gravatar.com\/avatar\/ae92580851fb03298934a1b9611b38c6dbe9c76ce20ff6d3222955b1fd38e5da?s=96&d=mm&r=g","caption":"admin"},"sameAs":["https:\/\/www.sistemamoveis.com.br\/blog"],"url":"https:\/\/www.sistemamoveis.com.br\/blog\/author\/admin\/"}]}},"_links":{"self":[{"href":"https:\/\/www.sistemamoveis.com.br\/blog\/wp-json\/wp\/v2\/posts\/312","targetHints":{"allow":["GET"]}}],"collection":[{"href":"https:\/\/www.sistemamoveis.com.br\/blog\/wp-json\/wp\/v2\/posts"}],"about":[{"href":"https:\/\/www.sistemamoveis.com.br\/blog\/wp-json\/wp\/v2\/types\/post"}],"author":[{"embeddable":true,"href":"https:\/\/www.sistemamoveis.com.br\/blog\/wp-json\/wp\/v2\/users\/1"}],"replies":[{"embeddable":true,"href":"https:\/\/www.sistemamoveis.com.br\/blog\/wp-json\/wp\/v2\/comments?post=312"}],"version-history":[{"count":1,"href":"https:\/\/www.sistemamoveis.com.br\/blog\/wp-json\/wp\/v2\/posts\/312\/revisions"}],"predecessor-version":[{"id":314,"href":"https:\/\/www.sistemamoveis.com.br\/blog\/wp-json\/wp\/v2\/posts\/312\/revisions\/314"}],"wp:featuredmedia":[{"embeddable":true,"href":"https:\/\/www.sistemamoveis.com.br\/blog\/wp-json\/wp\/v2\/media\/313"}],"wp:attachment":[{"href":"https:\/\/www.sistemamoveis.com.br\/blog\/wp-json\/wp\/v2\/media?parent=312"}],"wp:term":[{"taxonomy":"category","embeddable":true,"href":"https:\/\/www.sistemamoveis.com.br\/blog\/wp-json\/wp\/v2\/categories?post=312"},{"taxonomy":"post_tag","embeddable":true,"href":"https:\/\/www.sistemamoveis.com.br\/blog\/wp-json\/wp\/v2\/tags?post=312"}],"curies":[{"name":"wp","href":"https:\/\/api.w.org\/{rel}","templated":true}]}}