{"id":315,"date":"2026-04-22T14:58:00","date_gmt":"2026-04-22T14:58:00","guid":{"rendered":"https:\/\/www.sistemamoveis.com.br\/blog\/?p=315"},"modified":"2026-04-30T15:01:08","modified_gmt":"2026-04-30T15:01:08","slug":"solucoes-em-moveis-de-aco-para-armazenagem-e-organizacao-de-ambientes-corporativos","status":"publish","type":"post","link":"https:\/\/www.sistemamoveis.com.br\/blog\/solucoes-em-moveis-de-aco-para-armazenagem-e-organizacao-de-ambientes-corporativos\/","title":{"rendered":"Solu\u00e7\u00f5es em m\u00f3veis de a\u00e7o para armazenagem e organiza\u00e7\u00e3o de ambientes corporativos"},"content":{"rendered":"<span class=\"span-reading-time rt-reading-time\" style=\"display: block;\"><span class=\"rt-label rt-prefix\">Tempo de leitura: <\/span> <span class=\"rt-time\"> 9<\/span> <span class=\"rt-label rt-postfix\">minutos<\/span><\/span>\n<p>Solu\u00e7\u00f5es em m\u00f3veis de a\u00e7o para armazenagem e organiza\u00e7\u00e3o de ambientes corporativos representam uma escolha estrat\u00e9gica para empresas que precisam conciliar resist\u00eancia, funcionalidade e melhor aproveitamento dos espa\u00e7os. Em escrit\u00f3rios, \u00e1reas administrativas, almoxarifados, arquivos, setores operacionais e ambientes de apoio, o armazenamento adequado influencia diretamente a rotina, a seguran\u00e7a dos materiais e a efici\u00eancia do trabalho di\u00e1rio.<\/p>\n\n\n\n<p>Muitas empresas ainda tratam a organiza\u00e7\u00e3o interna como uma quest\u00e3o secund\u00e1ria. No entanto, basta observar a rotina de ambientes com documentos espalhados, materiais sem identifica\u00e7\u00e3o, estoques improvisados e mobili\u00e1rio incompat\u00edvel para perceber como a falta de estrutura afeta o desempenho. Como manter a fluidez operacional quando a equipe perde tempo procurando itens, reorganizando espa\u00e7os ou lidando com excessos visuais?<\/p>\n\n\n\n<p>\u00c9 nesse cen\u00e1rio que os m\u00f3veis de a\u00e7o ganham relev\u00e2ncia. Eles atendem demandas de armazenagem com robustez, longa vida \u00fatil e versatilidade de aplica\u00e7\u00e3o. Al\u00e9m disso, ajudam a criar ambientes mais padronizados, seguros e preparados para uso cont\u00ednuo. Quer otimizar o layout do seu ambiente corporativo? Solicite uma avalia\u00e7\u00e3o t\u00e9cnica.<\/p>\n\n\n\n<div id=\"ez-toc-container\" class=\"ez-toc-v2_0_80 counter-hierarchy ez-toc-counter ez-toc-grey ez-toc-container-direction\">\n<div class=\"ez-toc-title-container\">\n<p class=\"ez-toc-title\" style=\"cursor:inherit\">T\u00f3picos do artigo<\/p>\n<span class=\"ez-toc-title-toggle\"><a href=\"#\" class=\"ez-toc-pull-right ez-toc-btn ez-toc-btn-xs ez-toc-btn-default ez-toc-toggle\" aria-label=\"Alternar tabela de conte\u00fado\"><span class=\"ez-toc-js-icon-con\"><span class=\"\"><span class=\"eztoc-hide\" style=\"display:none;\">Toggle<\/span><span class=\"ez-toc-icon-toggle-span\"><svg style=\"fill: #999;color:#999\" xmlns=\"http:\/\/www.w3.org\/2000\/svg\" class=\"list-377408\" width=\"20px\" height=\"20px\" viewBox=\"0 0 24 24\" fill=\"none\"><path d=\"M6 6H4v2h2V6zm14 0H8v2h12V6zM4 11h2v2H4v-2zm16 0H8v2h12v-2zM4 16h2v2H4v-2zm16 0H8v2h12v-2z\" fill=\"currentColor\"><\/path><\/svg><svg style=\"fill: #999;color:#999\" class=\"arrow-unsorted-368013\" xmlns=\"http:\/\/www.w3.org\/2000\/svg\" width=\"10px\" height=\"10px\" viewBox=\"0 0 24 24\" version=\"1.2\" baseProfile=\"tiny\"><path d=\"M18.2 9.3l-6.2-6.3-6.2 6.3c-.2.2-.3.4-.3.7s.1.5.3.7c.2.2.4.3.7.3h11c.3 0 .5-.1.7-.3.2-.2.3-.5.3-.7s-.1-.5-.3-.7zM5.8 14.7l6.2 6.3 6.2-6.3c.2-.2.3-.5.3-.7s-.1-.5-.3-.7c-.2-.2-.4-.3-.7-.3h-11c-.3 0-.5.1-.7.3-.2.2-.3.5-.3.7s.1.5.3.7z\"\/><\/svg><\/span><\/span><\/span><\/a><\/span><\/div>\n<nav><ul class='ez-toc-list ez-toc-list-level-1 ' ><li class='ez-toc-page-1 ez-toc-heading-level-2'><a class=\"ez-toc-link ez-toc-heading-1\" href=\"https:\/\/www.sistemamoveis.com.br\/blog\/solucoes-em-moveis-de-aco-para-armazenagem-e-organizacao-de-ambientes-corporativos\/#Por_que_os_moveis_de_aco_se_destacam_na_organizacao_empresarial\" >Por que os m\u00f3veis de a\u00e7o se destacam na organiza\u00e7\u00e3o empresarial<\/a><ul class='ez-toc-list-level-3' ><li class='ez-toc-heading-level-3'><a class=\"ez-toc-link ez-toc-heading-2\" href=\"https:\/\/www.sistemamoveis.com.br\/blog\/solucoes-em-moveis-de-aco-para-armazenagem-e-organizacao-de-ambientes-corporativos\/#Resistencia_para_rotinas_corporativas_exigentes\" >Resist\u00eancia para rotinas corporativas exigentes<\/a><\/li><li class='ez-toc-page-1 ez-toc-heading-level-3'><a class=\"ez-toc-link ez-toc-heading-3\" href=\"https:\/\/www.sistemamoveis.com.br\/blog\/solucoes-em-moveis-de-aco-para-armazenagem-e-organizacao-de-ambientes-corporativos\/#Padronizacao_visual_e_sensacao_de_ordem\" >Padroniza\u00e7\u00e3o visual e sensa\u00e7\u00e3o de ordem<\/a><\/li><\/ul><\/li><li class='ez-toc-page-1 ez-toc-heading-level-2'><a class=\"ez-toc-link ez-toc-heading-4\" href=\"https:\/\/www.sistemamoveis.com.br\/blog\/solucoes-em-moveis-de-aco-para-armazenagem-e-organizacao-de-ambientes-corporativos\/#Onde_os_moveis_de_aco_podem_ser_aplicados_com_eficiencia\" >Onde os m\u00f3veis de a\u00e7o podem ser aplicados com efici\u00eancia<\/a><ul class='ez-toc-list-level-3' ><li class='ez-toc-heading-level-3'><a class=\"ez-toc-link ez-toc-heading-5\" href=\"https:\/\/www.sistemamoveis.com.br\/blog\/solucoes-em-moveis-de-aco-para-armazenagem-e-organizacao-de-ambientes-corporativos\/#Escritorios_e_areas_administrativas\" >Escrit\u00f3rios e \u00e1reas administrativas<\/a><\/li><li class='ez-toc-page-1 ez-toc-heading-level-3'><a class=\"ez-toc-link ez-toc-heading-6\" href=\"https:\/\/www.sistemamoveis.com.br\/blog\/solucoes-em-moveis-de-aco-para-armazenagem-e-organizacao-de-ambientes-corporativos\/#Almoxarifados_galpoes_e_setores_operacionais\" >Almoxarifados, galp\u00f5es e setores operacionais<\/a><\/li><\/ul><\/li><li class='ez-toc-page-1 ez-toc-heading-level-2'><a class=\"ez-toc-link ez-toc-heading-7\" href=\"https:\/\/www.sistemamoveis.com.br\/blog\/solucoes-em-moveis-de-aco-para-armazenagem-e-organizacao-de-ambientes-corporativos\/#Organizacao_como_fator_de_produtividade_e_eficiencia\" >Organiza\u00e7\u00e3o como fator de produtividade e efici\u00eancia<\/a><ul class='ez-toc-list-level-3' ><li class='ez-toc-heading-level-3'><a class=\"ez-toc-link ez-toc-heading-8\" href=\"https:\/\/www.sistemamoveis.com.br\/blog\/solucoes-em-moveis-de-aco-para-armazenagem-e-organizacao-de-ambientes-corporativos\/#Menos_improviso_mais_controle\" >Menos improviso, mais controle<\/a><\/li><li class='ez-toc-page-1 ez-toc-heading-level-3'><a class=\"ez-toc-link ez-toc-heading-9\" href=\"https:\/\/www.sistemamoveis.com.br\/blog\/solucoes-em-moveis-de-aco-para-armazenagem-e-organizacao-de-ambientes-corporativos\/#Melhor_aproveitamento_das_areas_disponiveis\" >Melhor aproveitamento das \u00e1reas dispon\u00edveis<\/a><\/li><\/ul><\/li><li class='ez-toc-page-1 ez-toc-heading-level-2'><a class=\"ez-toc-link ez-toc-heading-10\" href=\"https:\/\/www.sistemamoveis.com.br\/blog\/solucoes-em-moveis-de-aco-para-armazenagem-e-organizacao-de-ambientes-corporativos\/#Criterios_tecnicos_para_escolher_moveis_de_aco_corretamente\" >Crit\u00e9rios t\u00e9cnicos para escolher m\u00f3veis de a\u00e7o corretamente<\/a><ul class='ez-toc-list-level-3' ><li class='ez-toc-heading-level-3'><a class=\"ez-toc-link ez-toc-heading-11\" href=\"https:\/\/www.sistemamoveis.com.br\/blog\/solucoes-em-moveis-de-aco-para-armazenagem-e-organizacao-de-ambientes-corporativos\/#Capacidade_de_carga_e_finalidade_de_uso\" >Capacidade de carga e finalidade de uso<\/a><\/li><li class='ez-toc-page-1 ez-toc-heading-level-3'><a class=\"ez-toc-link ez-toc-heading-12\" href=\"https:\/\/www.sistemamoveis.com.br\/blog\/solucoes-em-moveis-de-aco-para-armazenagem-e-organizacao-de-ambientes-corporativos\/#Dimensoes_circulacao_e_layout\" >Dimens\u00f5es, circula\u00e7\u00e3o e layout<\/a><\/li><\/ul><\/li><li class='ez-toc-page-1 ez-toc-heading-level-2'><a class=\"ez-toc-link ez-toc-heading-13\" href=\"https:\/\/www.sistemamoveis.com.br\/blog\/solucoes-em-moveis-de-aco-para-armazenagem-e-organizacao-de-ambientes-corporativos\/#Seguranca_durabilidade_e_manutencao_no_longo_prazo\" >Seguran\u00e7a, durabilidade e manuten\u00e7\u00e3o no longo prazo<\/a><ul class='ez-toc-list-level-3' ><li class='ez-toc-heading-level-3'><a class=\"ez-toc-link ez-toc-heading-14\" href=\"https:\/\/www.sistemamoveis.com.br\/blog\/solucoes-em-moveis-de-aco-para-armazenagem-e-organizacao-de-ambientes-corporativos\/#Conservacao_e_uso_continuo\" >Conserva\u00e7\u00e3o e uso cont\u00ednuo<\/a><\/li><li class='ez-toc-page-1 ez-toc-heading-level-3'><a class=\"ez-toc-link ez-toc-heading-15\" href=\"https:\/\/www.sistemamoveis.com.br\/blog\/solucoes-em-moveis-de-aco-para-armazenagem-e-organizacao-de-ambientes-corporativos\/#Seguranca_no_armazenamento_de_documentos_e_materiais\" >Seguran\u00e7a no armazenamento de documentos e materiais<\/a><\/li><\/ul><\/li><li class='ez-toc-page-1 ez-toc-heading-level-2'><a class=\"ez-toc-link ez-toc-heading-16\" href=\"https:\/\/www.sistemamoveis.com.br\/blog\/solucoes-em-moveis-de-aco-para-armazenagem-e-organizacao-de-ambientes-corporativos\/#Como_os_moveis_de_aco_contribuem_para_a_imagem_profissional\" >Como os m\u00f3veis de a\u00e7o contribuem para a imagem profissional<\/a><ul class='ez-toc-list-level-3' ><li class='ez-toc-heading-level-3'><a class=\"ez-toc-link ez-toc-heading-17\" href=\"https:\/\/www.sistemamoveis.com.br\/blog\/solucoes-em-moveis-de-aco-para-armazenagem-e-organizacao-de-ambientes-corporativos\/#Ambientes_mais_limpos_e_coerentes\" >Ambientes mais limpos e coerentes<\/a><\/li><li class='ez-toc-page-1 ez-toc-heading-level-3'><a class=\"ez-toc-link ez-toc-heading-18\" href=\"https:\/\/www.sistemamoveis.com.br\/blog\/solucoes-em-moveis-de-aco-para-armazenagem-e-organizacao-de-ambientes-corporativos\/#A_organizacao_comunica_valores\" >A organiza\u00e7\u00e3o comunica valores<\/a><\/li><\/ul><\/li><li class='ez-toc-page-1 ez-toc-heading-level-2'><a class=\"ez-toc-link ez-toc-heading-19\" href=\"https:\/\/www.sistemamoveis.com.br\/blog\/solucoes-em-moveis-de-aco-para-armazenagem-e-organizacao-de-ambientes-corporativos\/#Quando_optar_por_solucoes_sob_medida_faz_mais_sentido\" >Quando optar por solu\u00e7\u00f5es sob medida faz mais sentido<\/a><ul class='ez-toc-list-level-3' ><li class='ez-toc-heading-level-3'><a class=\"ez-toc-link ez-toc-heading-20\" href=\"https:\/\/www.sistemamoveis.com.br\/blog\/solucoes-em-moveis-de-aco-para-armazenagem-e-organizacao-de-ambientes-corporativos\/#Personalizacao_com_foco_funcional\" >Personaliza\u00e7\u00e3o com foco funcional<\/a><\/li><li class='ez-toc-page-1 ez-toc-heading-level-3'><a class=\"ez-toc-link ez-toc-heading-21\" href=\"https:\/\/www.sistemamoveis.com.br\/blog\/solucoes-em-moveis-de-aco-para-armazenagem-e-organizacao-de-ambientes-corporativos\/#Integracao_com_diferentes_ambientes_corporativos\" >Integra\u00e7\u00e3o com diferentes ambientes corporativos<\/a><\/li><\/ul><\/li><li class='ez-toc-page-1 ez-toc-heading-level-2'><a class=\"ez-toc-link ez-toc-heading-22\" href=\"https:\/\/www.sistemamoveis.com.br\/blog\/solucoes-em-moveis-de-aco-para-armazenagem-e-organizacao-de-ambientes-corporativos\/#O_papel_do_atendimento_consultivo_na_escolha_certa\" >O papel do atendimento consultivo na escolha certa<\/a><ul class='ez-toc-list-level-3' ><li class='ez-toc-heading-level-3'><a class=\"ez-toc-link ez-toc-heading-23\" href=\"https:\/\/www.sistemamoveis.com.br\/blog\/solucoes-em-moveis-de-aco-para-armazenagem-e-organizacao-de-ambientes-corporativos\/#Projeto_tecnico_e_implantacao_organizada\" >Projeto t\u00e9cnico e implanta\u00e7\u00e3o organizada<\/a><\/li><\/ul><\/li><li class='ez-toc-page-1 ez-toc-heading-level-2'><a class=\"ez-toc-link ez-toc-heading-24\" href=\"https:\/\/www.sistemamoveis.com.br\/blog\/solucoes-em-moveis-de-aco-para-armazenagem-e-organizacao-de-ambientes-corporativos\/#O_que_avaliar_antes_de_investir_em_armazenagem_em_aco\" >O que avaliar antes de investir em armazenagem em a\u00e7o<\/a><ul class='ez-toc-list-level-3' ><li class='ez-toc-heading-level-3'><a class=\"ez-toc-link ez-toc-heading-25\" href=\"https:\/\/www.sistemamoveis.com.br\/blog\/solucoes-em-moveis-de-aco-para-armazenagem-e-organizacao-de-ambientes-corporativos\/#1_Em_quais_ambientes_os_moveis_de_aco_podem_ser_utilizados\" >1. Em quais ambientes os m\u00f3veis de a\u00e7o podem ser utilizados?<\/a><\/li><li class='ez-toc-page-1 ez-toc-heading-level-3'><a class=\"ez-toc-link ez-toc-heading-26\" href=\"https:\/\/www.sistemamoveis.com.br\/blog\/solucoes-em-moveis-de-aco-para-armazenagem-e-organizacao-de-ambientes-corporativos\/#2_Moveis_de_aco_sao_indicados_apenas_para_areas_industriais\" >2. M\u00f3veis de a\u00e7o s\u00e3o indicados apenas para \u00e1reas industriais?<\/a><\/li><li class='ez-toc-page-1 ez-toc-heading-level-3'><a class=\"ez-toc-link ez-toc-heading-27\" href=\"https:\/\/www.sistemamoveis.com.br\/blog\/solucoes-em-moveis-de-aco-para-armazenagem-e-organizacao-de-ambientes-corporativos\/#3_Vale_a_pena_investir_em_solucoes_sob_medida_para_armazenagem\" >3. Vale a pena investir em solu\u00e7\u00f5es sob medida para armazenagem?<\/a><\/li><li class='ez-toc-page-1 ez-toc-heading-level-3'><a class=\"ez-toc-link ez-toc-heading-28\" href=\"https:\/\/www.sistemamoveis.com.br\/blog\/solucoes-em-moveis-de-aco-para-armazenagem-e-organizacao-de-ambientes-corporativos\/#4_A_Sistema_Moveis_atende_somente_escritorios\" >4. A Sistema M\u00f3veis atende somente escrit\u00f3rios?<\/a><\/li><li class='ez-toc-page-1 ez-toc-heading-level-3'><a class=\"ez-toc-link ez-toc-heading-29\" href=\"https:\/\/www.sistemamoveis.com.br\/blog\/solucoes-em-moveis-de-aco-para-armazenagem-e-organizacao-de-ambientes-corporativos\/#5_Ha_relatos_de_clientes_sobre_esse_tipo_de_atendimento\" >5. H\u00e1 relatos de clientes sobre esse tipo de atendimento?<\/a><\/li><\/ul><\/li><\/ul><\/nav><\/div>\n<h2 class=\"wp-block-heading\"><span class=\"ez-toc-section\" id=\"Por_que_os_moveis_de_aco_se_destacam_na_organizacao_empresarial\"><\/span><a><\/a> <strong>Por que os m\u00f3veis de a\u00e7o se destacam na organiza\u00e7\u00e3o empresarial<\/strong><span class=\"ez-toc-section-end\"><\/span><\/h2>\n\n\n\n<p>A escolha do mobili\u00e1rio de armazenagem precisa considerar muito mais do que est\u00e9tica. Empresas e institui\u00e7\u00f5es precisam de solu\u00e7\u00f5es capazes de suportar uso frequente, diferentes cargas, movimenta\u00e7\u00e3o constante e necessidade de organiza\u00e7\u00e3o cont\u00ednua. Os m\u00f3veis de a\u00e7o se destacam justamente por oferecer desempenho consistente em ambientes que exigem maior resist\u00eancia estrutural.<\/p>\n\n\n\n<p>Ao contr\u00e1rio de escolhas improvisadas ou pouco adequadas ao contexto corporativo, o a\u00e7o tende a responder melhor em situa\u00e7\u00f5es de uso intenso. Arm\u00e1rios, estantes, arquivos, roupeiros e m\u00f3dulos organizadores fabricados nesse material costumam oferecer maior estabilidade e melhor desempenho ao longo do tempo, especialmente em \u00e1reas de apoio e setores operacionais.<\/p>\n\n\n\n<p>Essa durabilidade tamb\u00e9m contribui para o custo-benef\u00edcio. Em vez de substitui\u00e7\u00f5es recorrentes por desgaste prematuro, a empresa passa a contar com uma estrutura de armazenagem mais confi\u00e1vel. E n\u00e3o \u00e9 exatamente isso que gestores buscam quando precisam organizar processos e preservar padr\u00f5es internos?<\/p>\n\n\n\n<h3 class=\"wp-block-heading\"><span class=\"ez-toc-section\" id=\"Resistencia_para_rotinas_corporativas_exigentes\"><\/span><a><\/a> <strong>Resist\u00eancia para rotinas corporativas exigentes<\/strong><span class=\"ez-toc-section-end\"><\/span><\/h3>\n\n\n\n<p>Ambientes corporativos exigem mobili\u00e1rio que acompanhe a intensidade da opera\u00e7\u00e3o. Em arquivos, almoxarifados, \u00e1reas de manuten\u00e7\u00e3o, setores de suprimentos e departamentos administrativos, o uso \u00e9 frequente e a necessidade de ordem \u00e9 constante. O a\u00e7o se adapta bem a essa realidade porque suporta rotina intensa sem perder funcionalidade com facilidade.<\/p>\n\n\n\n<p>Essa caracter\u00edstica \u00e9 especialmente importante em empresas que lidam com grande volume de documentos, materiais de escrit\u00f3rio, equipamentos, uniformes, pe\u00e7as, insumos ou itens de uso compartilhado. Quando o mobili\u00e1rio n\u00e3o acompanha essa demanda, surgem falhas de organiza\u00e7\u00e3o e desperd\u00edcio de espa\u00e7o.<\/p>\n\n\n\n<h3 class=\"wp-block-heading\"><span class=\"ez-toc-section\" id=\"Padronizacao_visual_e_sensacao_de_ordem\"><\/span><a><\/a> <strong>Padroniza\u00e7\u00e3o visual e sensa\u00e7\u00e3o de ordem<\/strong><span class=\"ez-toc-section-end\"><\/span><\/h3>\n\n\n\n<p>Outro benef\u00edcio importante est\u00e1 na padroniza\u00e7\u00e3o. M\u00f3veis de a\u00e7o bem especificados ajudam a compor ambientes mais limpos visualmente, com identidade coerente e melhor leitura espacial. Isso \u00e9 valioso tanto em \u00e1reas internas quanto em setores vis\u00edveis para clientes, fornecedores ou equipes externas.<\/p>\n\n\n\n<p>Busca solu\u00e7\u00f5es corporativas eficientes e dur\u00e1veis? Converse com a Sistema M\u00f3veis.<\/p>\n\n\n\n<h2 class=\"wp-block-heading\"><span class=\"ez-toc-section\" id=\"Onde_os_moveis_de_aco_podem_ser_aplicados_com_eficiencia\"><\/span><a><\/a> <strong>Onde os m\u00f3veis de a\u00e7o podem ser aplicados com efici\u00eancia<\/strong><span class=\"ez-toc-section-end\"><\/span><\/h2>\n\n\n\n<p>Um dos pontos fortes desse tipo de mobili\u00e1rio \u00e9 sua versatilidade. Os m\u00f3veis de a\u00e7o podem ser usados em diferentes \u00e1reas da empresa, desde ambientes administrativos at\u00e9 espa\u00e7os industriais e setores de apoio. Essa amplitude de aplica\u00e7\u00e3o favorece projetos mais integrados e consistentes.<\/p>\n\n\n\n<p>Em escrit\u00f3rios, o a\u00e7o pode estar presente em arm\u00e1rios para documentos, arquivos deslizantes, gaveteiros e m\u00f3dulos organizadores. Em recep\u00e7\u00f5es e \u00e1reas de apoio, pode atender demandas de armazenamento discreto, preservando o aspecto profissional do ambiente. J\u00e1 em galp\u00f5es, almoxarifados e setores t\u00e9cnicos, sua fun\u00e7\u00e3o ganha ainda mais destaque pela resist\u00eancia e pela capacidade de organizar volumes maiores.<\/p>\n\n\n\n<p>Tamb\u00e9m h\u00e1 excelente desempenho em institui\u00e7\u00f5es de ensino, cl\u00ednicas, laborat\u00f3rios, \u00e1reas p\u00fablicas e ambientes corporativos com alta demanda por conserva\u00e7\u00e3o e organiza\u00e7\u00e3o. A adequa\u00e7\u00e3o do m\u00f3vel ao uso real \u00e9 o que define a efici\u00eancia do projeto.<\/p>\n\n\n\n<h3 class=\"wp-block-heading\"><span class=\"ez-toc-section\" id=\"Escritorios_e_areas_administrativas\"><\/span><a><\/a> <strong>Escrit\u00f3rios e \u00e1reas administrativas<\/strong><span class=\"ez-toc-section-end\"><\/span><\/h3>\n\n\n\n<p>Nos setores administrativos, o desafio costuma estar na organiza\u00e7\u00e3o de documentos, pastas, materiais de expediente e itens de apoio operacional. Quando n\u00e3o existe um sistema eficiente de armazenagem, o ambiente tende a acumular volumes sobre mesas, bancadas e superf\u00edcies de trabalho.<\/p>\n\n\n\n<p>Arm\u00e1rios e arquivos em a\u00e7o ajudam a reduzir esse problema, oferecendo compartimentos adequados, fechamento seguro e melhor aproveitamento do espa\u00e7o vertical. O resultado \u00e9 uma \u00e1rea mais limpa, racional e preparada para a rotina da equipe.<\/p>\n\n\n\n<h3 class=\"wp-block-heading\"><span class=\"ez-toc-section\" id=\"Almoxarifados_galpoes_e_setores_operacionais\"><\/span><a><\/a> <strong>Almoxarifados, galp\u00f5es e setores operacionais<\/strong><span class=\"ez-toc-section-end\"><\/span><\/h3>\n\n\n\n<p>Nesses ambientes, a resist\u00eancia estrutural \u00e9 ainda mais importante. Estantes, arm\u00e1rios multiuso e solu\u00e7\u00f5es em a\u00e7o permitem organizar produtos, caixas, pe\u00e7as, ferramentas e suprimentos com maior seguran\u00e7a. Isso melhora a opera\u00e7\u00e3o, reduz improvisos e facilita o controle dos materiais armazenados.<\/p>\n\n\n\n<p>\u201cEncontramos solu\u00e7\u00f5es sob medida para o nosso escrit\u00f3rio, com \u00f3timo aproveitamento do espa\u00e7o.\u201d \u2013 Cliente Sistema M\u00f3veis<\/p>\n\n\n\n<p>Deseja melhorar ergonomia e organiza\u00e7\u00e3o no ambiente de trabalho? Solicite um projeto.<\/p>\n\n\n\n<h2 class=\"wp-block-heading\"><span class=\"ez-toc-section\" id=\"Organizacao_como_fator_de_produtividade_e_eficiencia\"><\/span><a><\/a> <strong>Organiza\u00e7\u00e3o como fator de produtividade e efici\u00eancia<\/strong><span class=\"ez-toc-section-end\"><\/span><\/h2>\n\n\n\n<p>A armazenagem correta n\u00e3o beneficia apenas a apar\u00eancia do ambiente. Ela tem impacto real na rotina operacional. Empresas bem organizadas tendem a ganhar agilidade, clareza de processos e melhor uso dos espa\u00e7os. Quando cada item possui local definido, o trabalho se torna mais previs\u00edvel e menos sujeito a falhas.<\/p>\n\n\n\n<p>Levantamentos recentes mostram aumento na preocupa\u00e7\u00e3o de gestores com ergonomia, organiza\u00e7\u00e3o dos ambientes e inadequa\u00e7\u00e3o do mobili\u00e1rio corporativo, fatores que impactam diretamente produtividade e imagem profissional das empresas. Esse movimento ajuda a explicar por que solu\u00e7\u00f5es em armazenagem deixaram de ser vistas como complemento e passaram a integrar decis\u00f5es estrat\u00e9gicas de infraestrutura.<\/p>\n\n\n\n<p>Em ambientes desorganizados, a equipe perde tempo. Documentos desaparecem com facilidade, materiais ficam mal distribu\u00eddos e a circula\u00e7\u00e3o pode ser prejudicada. J\u00e1 quando h\u00e1 um sistema coerente de armazenamento, o espa\u00e7o passa a trabalhar a favor da opera\u00e7\u00e3o. Quem n\u00e3o deseja uma rotina mais funcional e previs\u00edvel dentro da empresa?<\/p>\n\n\n\n<h3 class=\"wp-block-heading\"><span class=\"ez-toc-section\" id=\"Menos_improviso_mais_controle\"><\/span><a><\/a> <strong>Menos improviso, mais controle<\/strong><span class=\"ez-toc-section-end\"><\/span><\/h3>\n\n\n\n<p>A ado\u00e7\u00e3o de m\u00f3veis de a\u00e7o favorece o controle f\u00edsico dos materiais. Com compartimentos adequados, identifica\u00e7\u00e3o correta e estrutura resistente, a empresa reduz improvisa\u00e7\u00f5es e melhora a gest\u00e3o dos recursos. Isso vale tanto para documentos quanto para insumos operacionais e objetos de uso cotidiano.<\/p>\n\n\n\n<h3 class=\"wp-block-heading\"><span class=\"ez-toc-section\" id=\"Melhor_aproveitamento_das_areas_disponiveis\"><\/span><a><\/a> <strong>Melhor aproveitamento das \u00e1reas dispon\u00edveis<\/strong><span class=\"ez-toc-section-end\"><\/span><\/h3>\n\n\n\n<p>Outro ganho importante est\u00e1 no aproveitamento do espa\u00e7o. Muitas empresas possuem \u00e1reas suficientes para armazenagem, mas utilizam mal sua metragem por falta de mobili\u00e1rio apropriado. Solu\u00e7\u00f5es em a\u00e7o permitem organizar volumes com mais racionalidade, liberando superf\u00edcies e melhorando a circula\u00e7\u00e3o interna.<\/p>\n\n\n\n<p>Precisa de m\u00f3veis sob medida para seu escrit\u00f3rio? Fale com especialistas.<\/p>\n\n\n\n<h2 class=\"wp-block-heading\"><span class=\"ez-toc-section\" id=\"Criterios_tecnicos_para_escolher_moveis_de_aco_corretamente\"><\/span><a><\/a> <strong>Crit\u00e9rios t\u00e9cnicos para escolher m\u00f3veis de a\u00e7o corretamente<\/strong><span class=\"ez-toc-section-end\"><\/span><\/h2>\n\n\n\n<p>A especifica\u00e7\u00e3o de m\u00f3veis de a\u00e7o deve ser feita com an\u00e1lise t\u00e9cnica. Nem todo modelo serve para qualquer uso, e \u00e9 justamente a\u00ed que muitas empresas erram. A escolha precisa considerar o tipo de material armazenado, o peso suportado, a frequ\u00eancia de acesso, a necessidade de seguran\u00e7a, as dimens\u00f5es do ambiente e a integra\u00e7\u00e3o com o layout.<\/p>\n\n\n\n<p>Arm\u00e1rios para documentos t\u00eam exig\u00eancias diferentes de estantes para almoxarifado. Arquivos deslizantes possuem din\u00e2mica distinta de roupeiros ou m\u00f3dulos de apoio. O mobili\u00e1rio precisa responder ao contexto real de uso e \u00e0 l\u00f3gica do espa\u00e7o onde ser\u00e1 instalado.<\/p>\n\n\n\n<h3 class=\"wp-block-heading\"><span class=\"ez-toc-section\" id=\"Capacidade_de_carga_e_finalidade_de_uso\"><\/span><a><\/a> <strong>Capacidade de carga e finalidade de uso<\/strong><span class=\"ez-toc-section-end\"><\/span><\/h3>\n\n\n\n<p>A primeira an\u00e1lise deve ser funcional. O que ser\u00e1 armazenado? Com que frequ\u00eancia esses itens ser\u00e3o acessados? Qual o volume envolvido? Essas respostas ajudam a definir profundidade, n\u00famero de compartimentos, resist\u00eancia das prateleiras e configura\u00e7\u00e3o mais adequada para o ambiente.<\/p>\n\n\n\n<p>Quando esse estudo n\u00e3o \u00e9 feito, a empresa corre o risco de adquirir m\u00f3veis incompat\u00edveis com a rotina, criando novas limita\u00e7\u00f5es em vez de resolver o problema.<\/p>\n\n\n\n<h3 class=\"wp-block-heading\"><span class=\"ez-toc-section\" id=\"Dimensoes_circulacao_e_layout\"><\/span><a><\/a> <strong>Dimens\u00f5es, circula\u00e7\u00e3o e layout<\/strong><span class=\"ez-toc-section-end\"><\/span><\/h3>\n\n\n\n<p>Tamb\u00e9m \u00e9 essencial observar as dimens\u00f5es do ambiente. Um mobili\u00e1rio de armazenagem eficiente n\u00e3o pode bloquear passagem, comprometer acessos nem criar sensa\u00e7\u00e3o de excesso visual. O layout precisa equilibrar capacidade de armazenamento com conforto de circula\u00e7\u00e3o e leitura clara do espa\u00e7o.<\/p>\n\n\n\n<p>A Sistema M\u00f3veis atua com atendimento consultivo e projeto de mobili\u00e1rio corporativo para ajudar empresas a escolher solu\u00e7\u00f5es adequadas \u00e0 sua realidade operacional. Esse olhar t\u00e9cnico reduz erros e favorece resultados mais duradouros.<\/p>\n\n\n\n<h2 class=\"wp-block-heading\"><span class=\"ez-toc-section\" id=\"Seguranca_durabilidade_e_manutencao_no_longo_prazo\"><\/span><a><\/a> <strong>Seguran\u00e7a, durabilidade e manuten\u00e7\u00e3o no longo prazo<\/strong><span class=\"ez-toc-section-end\"><\/span><\/h2>\n\n\n\n<p>Ao investir em armazenagem corporativa, a empresa n\u00e3o est\u00e1 comprando apenas um m\u00f3vel. Est\u00e1 estruturando parte importante de sua opera\u00e7\u00e3o. Por isso, a durabilidade do material e a facilidade de manuten\u00e7\u00e3o merecem aten\u00e7\u00e3o especial. O a\u00e7o se destaca novamente nesse ponto por oferecer boa resist\u00eancia ao uso cont\u00ednuo e desempenho consistente em diferentes contextos.<\/p>\n\n\n\n<p>Em \u00e1reas com circula\u00e7\u00e3o intensa, a resist\u00eancia do mobili\u00e1rio \u00e9 decisiva. Portas, fechamentos, gavetas, prateleiras e estruturas precisam manter estabilidade ao longo do tempo. Quando a empresa opta por materiais fr\u00e1geis ou inadequados, os problemas costumam aparecer rapidamente na forma de empenamentos, danos estruturais ou perda de funcionalidade.<\/p>\n\n\n\n<h3 class=\"wp-block-heading\"><span class=\"ez-toc-section\" id=\"Conservacao_e_uso_continuo\"><\/span><a><\/a> <strong>Conserva\u00e7\u00e3o e uso cont\u00ednuo<\/strong><span class=\"ez-toc-section-end\"><\/span><\/h3>\n\n\n\n<p>Os m\u00f3veis de a\u00e7o costumam apresentar bom comportamento em ambientes que demandam limpeza frequente e conserva\u00e7\u00e3o pr\u00e1tica. Isso favorece a manuten\u00e7\u00e3o da apar\u00eancia profissional do espa\u00e7o e ajuda a prolongar a vida \u00fatil do mobili\u00e1rio.<\/p>\n\n\n\n<h3 class=\"wp-block-heading\"><span class=\"ez-toc-section\" id=\"Seguranca_no_armazenamento_de_documentos_e_materiais\"><\/span><a><\/a> <strong>Seguran\u00e7a no armazenamento de documentos e materiais<\/strong><span class=\"ez-toc-section-end\"><\/span><\/h3>\n\n\n\n<p>Dependendo da \u00e1rea, o armazenamento seguro \u00e9 uma necessidade operacional. Arm\u00e1rios com fechamento adequado, arquivos organizados e estantes estruturadas corretamente ajudam a reduzir riscos de perda, extravio e desordem. Em ambientes corporativos, essa previsibilidade faz diferen\u00e7a.<\/p>\n\n\n\n<p>Quer padronizar seu mobili\u00e1rio corporativo com efici\u00eancia? Solicite orienta\u00e7\u00e3o t\u00e9cnica.<\/p>\n\n\n\n<p>\u201cDesde o projeto at\u00e9 a montagem, tudo foi feito com muito profissionalismo e organiza\u00e7\u00e3o.\u201d \u2013 Cliente Sistema M\u00f3veis<\/p>\n\n\n\n<h2 class=\"wp-block-heading\"><span class=\"ez-toc-section\" id=\"Como_os_moveis_de_aco_contribuem_para_a_imagem_profissional\"><\/span><a><\/a> <strong>Como os m\u00f3veis de a\u00e7o contribuem para a imagem profissional<\/strong><span class=\"ez-toc-section-end\"><\/span><\/h2>\n\n\n\n<p>Embora sejam associados com frequ\u00eancia \u00e0 funcionalidade, os m\u00f3veis de a\u00e7o tamb\u00e9m exercem papel importante na percep\u00e7\u00e3o do ambiente. Empresas organizadas visualmente transmitem mais confian\u00e7a, clareza e preparo. Isso vale para \u00e1reas internas e tamb\u00e9m para espa\u00e7os que recebem fornecedores, parceiros e visitantes.<\/p>\n\n\n\n<p>Quando arm\u00e1rios, arquivos e estantes s\u00e3o escolhidos com coer\u00eancia, o ambiente parece mais estruturado. H\u00e1 menos ru\u00eddo visual, melhor leitura dos setores e mais facilidade para manter padr\u00f5es. A organiza\u00e7\u00e3o deixa de ser apenas uma quest\u00e3o operacional e passa a refor\u00e7ar a imagem institucional.<\/p>\n\n\n\n<h3 class=\"wp-block-heading\"><span class=\"ez-toc-section\" id=\"Ambientes_mais_limpos_e_coerentes\"><\/span><a><\/a> <strong>Ambientes mais limpos e coerentes<\/strong><span class=\"ez-toc-section-end\"><\/span><\/h3>\n\n\n\n<p>A padroniza\u00e7\u00e3o do mobili\u00e1rio ajuda a criar unidade entre diferentes setores. Mesmo quando as fun\u00e7\u00f5es variam, o projeto pode manter uma linguagem visual consistente, fortalecendo a identidade do ambiente corporativo.<\/p>\n\n\n\n<h3 class=\"wp-block-heading\"><span class=\"ez-toc-section\" id=\"A_organizacao_comunica_valores\"><\/span><a><\/a> <strong>A organiza\u00e7\u00e3o comunica valores<\/strong><span class=\"ez-toc-section-end\"><\/span><\/h3>\n\n\n\n<p>Um espa\u00e7o bem armazenado comunica planejamento, responsabilidade e cuidado com a opera\u00e7\u00e3o. Em contrapartida, \u00e1reas com excesso de improviso sugerem descontrole. E qual empresa deseja passar essa mensagem para sua equipe ou para quem visita o local?<\/p>\n\n\n\n<h2 class=\"wp-block-heading\"><span class=\"ez-toc-section\" id=\"Quando_optar_por_solucoes_sob_medida_faz_mais_sentido\"><\/span><a><\/a> <strong>Quando optar por solu\u00e7\u00f5es sob medida faz mais sentido<\/strong><span class=\"ez-toc-section-end\"><\/span><\/h2>\n\n\n\n<p>Nem toda necessidade de armazenagem pode ser resolvida com medidas padronizadas. Empresas com \u00e1reas restritas, layouts espec\u00edficos, grande volume de materiais ou exig\u00eancia de integra\u00e7\u00e3o entre setores costumam obter melhores resultados com solu\u00e7\u00f5es sob medida. Essa abordagem permite aproveitar melhor a metragem e alinhar o mobili\u00e1rio \u00e0s demandas reais da opera\u00e7\u00e3o.<\/p>\n\n\n\n<p>Solu\u00e7\u00f5es personalizadas ajudam a organizar \u00e1reas de dif\u00edcil adapta\u00e7\u00e3o, criar composi\u00e7\u00f5es mais eficientes e evitar desperd\u00edcios de espa\u00e7o. Em vez de ajustar a rotina ao m\u00f3vel dispon\u00edvel, o projeto passa a responder \u00e0 l\u00f3gica da empresa.<\/p>\n\n\n\n<h3 class=\"wp-block-heading\"><span class=\"ez-toc-section\" id=\"Personalizacao_com_foco_funcional\"><\/span><a><\/a> <strong>Personaliza\u00e7\u00e3o com foco funcional<\/strong><span class=\"ez-toc-section-end\"><\/span><\/h3>\n\n\n\n<p>O principal valor do sob medida n\u00e3o est\u00e1 apenas na apar\u00eancia, mas na adequa\u00e7\u00e3o t\u00e9cnica. O mobili\u00e1rio pode ser dimensionado conforme altura, profundidade, quantidade de compartimentos e tipo de uso, favorecendo uma organiza\u00e7\u00e3o mais precisa.<\/p>\n\n\n\n<h3 class=\"wp-block-heading\"><span class=\"ez-toc-section\" id=\"Integracao_com_diferentes_ambientes_corporativos\"><\/span><a><\/a> <strong>Integra\u00e7\u00e3o com diferentes ambientes corporativos<\/strong><span class=\"ez-toc-section-end\"><\/span><\/h3>\n\n\n\n<p>A Sistema M\u00f3veis trabalha com mobili\u00e1rio para escrit\u00f3rios, recep\u00e7\u00e3o, audit\u00f3rios e galp\u00f5es, desenvolvendo solu\u00e7\u00f5es sob medida com foco em funcionalidade, ergonomia aplicada ao ambiente de trabalho e efici\u00eancia operacional. Com experi\u00eancia desde 1993, atende empresas de pequeno, m\u00e9dio e grande porte em S\u00e3o Paulo SP e regi\u00f5es corporativas estrat\u00e9gicas.<\/p>\n\n\n\n<p>\u201cA equipe entendeu exatamente nossa necessidade corporativa e entregou dentro do esperado.\u201d \u2013 Cliente Sistema M\u00f3veis<\/p>\n\n\n\n<p>Precisa planejar um ambiente profissional funcional? Entre em contato com consultores.<\/p>\n\n\n\n<p>Aten\u00e7\u00e3o | Atendimento via WhatsApp e e-mail. Condi\u00e7\u00f5es de agenda, disponibilidade de montagem, prazos e log\u00edstica podem variar conforme demanda e confirma\u00e7\u00e3o com a equipe da Sistema M\u00f3veis.<\/p>\n\n\n\n<h2 class=\"wp-block-heading\"><span class=\"ez-toc-section\" id=\"O_papel_do_atendimento_consultivo_na_escolha_certa\"><\/span><a><\/a> <strong>O papel do atendimento consultivo na escolha certa<\/strong><span class=\"ez-toc-section-end\"><\/span><\/h2>\n\n\n\n<p>A compra de m\u00f3veis de a\u00e7o para armazenagem n\u00e3o deve ser baseada apenas em cat\u00e1logo ou medida aproximada. Um atendimento consultivo faz diferen\u00e7a porque ajuda a compreender o fluxo de materiais, a rotina dos setores, o n\u00edvel de acesso necess\u00e1rio e a rela\u00e7\u00e3o entre armazenagem e layout geral da empresa.<\/p>\n\n\n\n<p>Esse processo reduz incompatibilidades, evita subutiliza\u00e7\u00e3o de espa\u00e7o e melhora a padroniza\u00e7\u00e3o. Em vez de decis\u00f5es isoladas, a empresa passa a construir uma solu\u00e7\u00e3o coerente com sua opera\u00e7\u00e3o. Isso \u00e9 ainda mais importante quando o projeto envolve \u00e1reas distintas, como administrativo, estoque, arquivo, recep\u00e7\u00e3o e apoio log\u00edstico.<\/p>\n\n\n\n<h3 class=\"wp-block-heading\"><span class=\"ez-toc-section\" id=\"Projeto_tecnico_e_implantacao_organizada\"><\/span><a><\/a> <strong>Projeto t\u00e9cnico e implanta\u00e7\u00e3o organizada<\/strong><span class=\"ez-toc-section-end\"><\/span><\/h3>\n\n\n\n<p>Com orienta\u00e7\u00e3o adequada, a empresa consegue especificar melhor cada m\u00f3dulo, prever expans\u00f5es e manter mais controle sobre a implanta\u00e7\u00e3o. A Sistema M\u00f3veis oferece atendimento consultivo, projeto de mobili\u00e1rio corporativo, montagem profissional sem custo adicional e assist\u00eancia t\u00e9cnica permanente, o que contribui para maior seguran\u00e7a em todas as etapas.<\/p>\n\n\n\n<h2 class=\"wp-block-heading\"><span class=\"ez-toc-section\" id=\"O_que_avaliar_antes_de_investir_em_armazenagem_em_aco\"><\/span><a><\/a> <strong>O que avaliar antes de investir em armazenagem em a\u00e7o<\/strong><span class=\"ez-toc-section-end\"><\/span><\/h2>\n\n\n\n<p>Antes de definir a compra, vale analisar volume de materiais, tipo de item armazenado, frequ\u00eancia de acesso, necessidade de seguran\u00e7a, \u00e1rea dispon\u00edvel, circula\u00e7\u00e3o interna e padr\u00e3o visual desejado. Quanto mais precisa for essa leitura, maiores as chances de um resultado eficiente.<\/p>\n\n\n\n<p>Tamb\u00e9m \u00e9 importante considerar a experi\u00eancia do fornecedor, a capacidade de desenvolver solu\u00e7\u00f5es sob medida e o suporte oferecido ap\u00f3s a instala\u00e7\u00e3o. Em ambientes corporativos, a organiza\u00e7\u00e3o n\u00e3o pode depender de improvisos ou adapta\u00e7\u00f5es mal resolvidas.<\/p>\n\n\n\n<p>Solu\u00e7\u00f5es em armazenagem bem especificadas ajudam a reduzir excessos, melhorar a opera\u00e7\u00e3o e fortalecer a imagem da empresa. Quando o mobili\u00e1rio responde corretamente ao ambiente, a rotina ganha fluidez e o espa\u00e7o passa a funcionar com mais intelig\u00eancia. Sua empresa est\u00e1 aproveitando bem seus ambientes ou ainda convive com armazenagem improvisada? Para tomar decis\u00f5es mais seguras, vale conversar com especialistas e solicitar uma avalia\u00e7\u00e3o t\u00e9cnica.<\/p>\n\n\n\n<p>Solu\u00e7\u00f5es em m\u00f3veis de a\u00e7o para armazenagem e organiza\u00e7\u00e3o de ambientes corporativos<\/p>\n\n\n\n<p>FAQ \u2014 Perguntas frequentes<\/p>\n\n\n\n<h3 class=\"wp-block-heading\"><span class=\"ez-toc-section\" id=\"1_Em_quais_ambientes_os_moveis_de_aco_podem_ser_utilizados\"><\/span><a><\/a> <strong>1. Em quais ambientes os m\u00f3veis de a\u00e7o podem ser utilizados?<\/strong><span class=\"ez-toc-section-end\"><\/span><\/h3>\n\n\n\n<p>Eles podem ser aplicados em escrit\u00f3rios, \u00e1reas administrativas, almoxarifados, arquivos, galp\u00f5es, recep\u00e7\u00f5es e setores operacionais, conforme a necessidade de armazenagem.<\/p>\n\n\n\n<h3 class=\"wp-block-heading\"><span class=\"ez-toc-section\" id=\"2_Moveis_de_aco_sao_indicados_apenas_para_areas_industriais\"><\/span><a><\/a> <strong>2. M\u00f3veis de a\u00e7o s\u00e3o indicados apenas para \u00e1reas industriais?<\/strong><span class=\"ez-toc-section-end\"><\/span><\/h3>\n\n\n\n<p>N\u00e3o. Eles tamb\u00e9m atendem muito bem ambientes corporativos, especialmente quando h\u00e1 necessidade de organiza\u00e7\u00e3o, resist\u00eancia e padroniza\u00e7\u00e3o visual.<\/p>\n\n\n\n<h3 class=\"wp-block-heading\"><span class=\"ez-toc-section\" id=\"3_Vale_a_pena_investir_em_solucoes_sob_medida_para_armazenagem\"><\/span><a><\/a> <strong>3. Vale a pena investir em solu\u00e7\u00f5es sob medida para armazenagem?<\/strong><span class=\"ez-toc-section-end\"><\/span><\/h3>\n\n\n\n<p>Sim. Essa op\u00e7\u00e3o costuma trazer melhores resultados quando a empresa precisa otimizar espa\u00e7o, adaptar o layout e atender necessidades espec\u00edficas de uso.<\/p>\n\n\n\n<h3 class=\"wp-block-heading\"><span class=\"ez-toc-section\" id=\"4_A_Sistema_Moveis_atende_somente_escritorios\"><\/span><a><\/a> <strong>4. A Sistema M\u00f3veis atende somente escrit\u00f3rios?<\/strong><span class=\"ez-toc-section-end\"><\/span><\/h3>\n\n\n\n<p>N\u00e3o. A empresa atua com mobili\u00e1rio para escrit\u00f3rios, recep\u00e7\u00e3o, audit\u00f3rios e galp\u00f5es, atendendo empresas de diferentes portes com solu\u00e7\u00f5es corporativas completas.<\/p>\n\n\n\n<h3 class=\"wp-block-heading\"><span class=\"ez-toc-section\" id=\"5_Ha_relatos_de_clientes_sobre_esse_tipo_de_atendimento\"><\/span><a><\/a> <strong>5. H\u00e1 relatos de clientes sobre esse tipo de atendimento?<\/strong><span class=\"ez-toc-section-end\"><\/span><\/h3>\n\n\n\n<p>Sim. \u201cDesde o projeto at\u00e9 a montagem, tudo foi feito com muito profissionalismo e organiza\u00e7\u00e3o.\u201d \u2013 Cliente Sistema M\u00f3veis<\/p>\n\n\n\n<p>Este conte\u00fado \u00e9 atualizado periodicamente conforme as melhores pr\u00e1ticas de comunica\u00e7\u00e3o respons\u00e1vel em mobili\u00e1rio corporativo, ergonomia, projeto de ambientes profissionais e gest\u00e3o de espa\u00e7os empresariais em S\u00e3o Paulo.<\/p>\n\n\n\n<p><\/p>\n","protected":false},"excerpt":{"rendered":"<p><span class=\"span-reading-time rt-reading-time\" style=\"display: block;\"><span class=\"rt-label rt-prefix\">Tempo de leitura: <\/span> <span class=\"rt-time\"> 9<\/span> <span class=\"rt-label rt-postfix\">minutos<\/span><\/span>Solu\u00e7\u00f5es em m\u00f3veis de a\u00e7o para armazenagem e organiza\u00e7\u00e3o de ambientes corporativos representam uma escolha estrat\u00e9gica para empresas que precisam conciliar resist\u00eancia, funcionalidade e melhor aproveitamento dos espa\u00e7os. Em escrit\u00f3rios, \u00e1reas administrativas, almoxarifados, arquivos, setores operacionais e ambientes de apoio, o armazenamento adequado influencia diretamente a rotina, a seguran\u00e7a dos materiais e a efici\u00eancia do &hellip; <\/p>\n","protected":false},"author":1,"featured_media":316,"comment_status":"open","ping_status":"open","sticky":false,"template":"","format":"standard","meta":{"footnotes":""},"categories":[1851],"tags":[1846,1847,1866,1843,1844,1861,1842,1858,1855,1852],"class_list":["post-315","post","type-post","status-publish","format-standard","has-post-thumbnail","hentry","category-ambiente-corporativo","tag-ambiente-corporativo","tag-ambiente-de-trabalho","tag-ambientes-corporativos","tag-ergonomia","tag-ergonomia-ambiente-corporativo","tag-ergonomia-em-ambientes-de-trabalho","tag-ergonomia-no-ambiente-de-trabalho","tag-mobiliario-para-auditorios-e-salas-de-treinamento","tag-moveis-sob-medida-para-escritorios","tag-planejamento-de-layout-corporativo","latest_post"],"yoast_head":"<!-- This site is optimized with the Yoast SEO plugin v27.0 - https:\/\/yoast.com\/product\/yoast-seo-wordpress\/ -->\n<title>Ambientes Corporativos: Solu\u00e7\u00f5es em m\u00f3veis de a\u00e7o para armazenagem e organiza\u00e7\u00e3o de ambientes corporativos - Sistema M\u00f3veis<\/title>\n<meta name=\"description\" content=\"Solu\u00e7\u00f5es em m\u00f3veis de a\u00e7o para armazenagem e organiza\u00e7\u00e3o de ambientes corporativos representam uma escolha estrat\u00e9gica para empresas que...\" \/>\n<meta name=\"robots\" content=\"index, follow, max-snippet:-1, max-image-preview:large, max-video-preview:-1\" \/>\n<link rel=\"canonical\" href=\"https:\/\/www.sistemamoveis.com.br\/blog\/solucoes-em-moveis-de-aco-para-armazenagem-e-organizacao-de-ambientes-corporativos\/\" \/>\n<meta property=\"og:locale\" content=\"pt_BR\" \/>\n<meta property=\"og:type\" content=\"article\" \/>\n<meta property=\"og:title\" content=\"Ambientes Corporativos: Solu\u00e7\u00f5es em m\u00f3veis de a\u00e7o para armazenagem e organiza\u00e7\u00e3o de ambientes corporativos - Sistema M\u00f3veis\" \/>\n<meta property=\"og:description\" content=\"Solu\u00e7\u00f5es em m\u00f3veis de a\u00e7o para armazenagem e organiza\u00e7\u00e3o de ambientes corporativos representam uma escolha estrat\u00e9gica para empresas que...\" \/>\n<meta property=\"og:url\" content=\"https:\/\/www.sistemamoveis.com.br\/blog\/solucoes-em-moveis-de-aco-para-armazenagem-e-organizacao-de-ambientes-corporativos\/\" \/>\n<meta property=\"og:site_name\" content=\"Sistema M\u00f3veis\" \/>\n<meta property=\"article:published_time\" content=\"2026-04-22T14:58:00+00:00\" \/>\n<meta property=\"article:modified_time\" content=\"2026-04-30T15:01:08+00:00\" \/>\n<meta property=\"og:image\" content=\"https:\/\/www.sistemamoveis.com.br\/blog\/wp-content\/uploads\/2026\/04\/ambientes-corporativos.jpg\" \/>\n\t<meta property=\"og:image:width\" content=\"2000\" \/>\n\t<meta property=\"og:image:height\" content=\"1121\" \/>\n\t<meta property=\"og:image:type\" content=\"image\/jpeg\" \/>\n<meta name=\"author\" content=\"admin\" \/>\n<meta name=\"twitter:card\" content=\"summary_large_image\" \/>\n<meta name=\"twitter:label1\" content=\"Escrito por\" \/>\n\t<meta name=\"twitter:data1\" content=\"admin\" \/>\n\t<meta name=\"twitter:label2\" content=\"Est. tempo de leitura\" \/>\n\t<meta name=\"twitter:data2\" content=\"14 minutos\" \/>\n<script type=\"application\/ld+json\" class=\"yoast-schema-graph\">{\"@context\":\"https:\/\/schema.org\",\"@graph\":[{\"@type\":\"Article\",\"@id\":\"https:\/\/www.sistemamoveis.com.br\/blog\/solucoes-em-moveis-de-aco-para-armazenagem-e-organizacao-de-ambientes-corporativos\/#article\",\"isPartOf\":{\"@id\":\"https:\/\/www.sistemamoveis.com.br\/blog\/solucoes-em-moveis-de-aco-para-armazenagem-e-organizacao-de-ambientes-corporativos\/\"},\"author\":{\"name\":\"admin\",\"@id\":\"https:\/\/www.sistemamoveis.com.br\/blog\/#\/schema\/person\/e9ac77f2e566e70d67677c219d7a7c7a\"},\"headline\":\"Solu\u00e7\u00f5es em m\u00f3veis de a\u00e7o para armazenagem e organiza\u00e7\u00e3o de ambientes corporativos\",\"datePublished\":\"2026-04-22T14:58:00+00:00\",\"dateModified\":\"2026-04-30T15:01:08+00:00\",\"mainEntityOfPage\":{\"@id\":\"https:\/\/www.sistemamoveis.com.br\/blog\/solucoes-em-moveis-de-aco-para-armazenagem-e-organizacao-de-ambientes-corporativos\/\"},\"wordCount\":2807,\"commentCount\":0,\"publisher\":{\"@id\":\"https:\/\/www.sistemamoveis.com.br\/blog\/#organization\"},\"image\":{\"@id\":\"https:\/\/www.sistemamoveis.com.br\/blog\/solucoes-em-moveis-de-aco-para-armazenagem-e-organizacao-de-ambientes-corporativos\/#primaryimage\"},\"thumbnailUrl\":\"https:\/\/www.sistemamoveis.com.br\/blog\/wp-content\/uploads\/2026\/04\/ambientes-corporativos.jpg\",\"keywords\":[\"Ambiente Corporativo\",\"Ambiente de Trabalho\",\"ambientes corporativos\",\"Ergonomia\",\"Ergonomia Ambiente Corporativo\",\"Ergonomia em ambientes de trabalho\",\"Ergonomia no ambiente de trabalho\",\"Mobili\u00e1rio para audit\u00f3rios e salas de treinamento\",\"M\u00f3veis sob medida para escrit\u00f3rios\",\"Planejamento de layout corporativo\"],\"articleSection\":[\"Ambiente Corporativo\"],\"inLanguage\":\"pt-BR\",\"potentialAction\":[{\"@type\":\"CommentAction\",\"name\":\"Comment\",\"target\":[\"https:\/\/www.sistemamoveis.com.br\/blog\/solucoes-em-moveis-de-aco-para-armazenagem-e-organizacao-de-ambientes-corporativos\/#respond\"]}]},{\"@type\":\"WebPage\",\"@id\":\"https:\/\/www.sistemamoveis.com.br\/blog\/solucoes-em-moveis-de-aco-para-armazenagem-e-organizacao-de-ambientes-corporativos\/\",\"url\":\"https:\/\/www.sistemamoveis.com.br\/blog\/solucoes-em-moveis-de-aco-para-armazenagem-e-organizacao-de-ambientes-corporativos\/\",\"name\":\"Ambientes Corporativos: Solu\u00e7\u00f5es em m\u00f3veis de a\u00e7o para armazenagem e organiza\u00e7\u00e3o de ambientes corporativos - Sistema M\u00f3veis\",\"isPartOf\":{\"@id\":\"https:\/\/www.sistemamoveis.com.br\/blog\/#website\"},\"primaryImageOfPage\":{\"@id\":\"https:\/\/www.sistemamoveis.com.br\/blog\/solucoes-em-moveis-de-aco-para-armazenagem-e-organizacao-de-ambientes-corporativos\/#primaryimage\"},\"image\":{\"@id\":\"https:\/\/www.sistemamoveis.com.br\/blog\/solucoes-em-moveis-de-aco-para-armazenagem-e-organizacao-de-ambientes-corporativos\/#primaryimage\"},\"thumbnailUrl\":\"https:\/\/www.sistemamoveis.com.br\/blog\/wp-content\/uploads\/2026\/04\/ambientes-corporativos.jpg\",\"datePublished\":\"2026-04-22T14:58:00+00:00\",\"dateModified\":\"2026-04-30T15:01:08+00:00\",\"description\":\"Solu\u00e7\u00f5es em m\u00f3veis de a\u00e7o para armazenagem e organiza\u00e7\u00e3o de ambientes corporativos representam uma escolha estrat\u00e9gica para empresas que...\",\"breadcrumb\":{\"@id\":\"https:\/\/www.sistemamoveis.com.br\/blog\/solucoes-em-moveis-de-aco-para-armazenagem-e-organizacao-de-ambientes-corporativos\/#breadcrumb\"},\"inLanguage\":\"pt-BR\",\"potentialAction\":[{\"@type\":\"ReadAction\",\"target\":[\"https:\/\/www.sistemamoveis.com.br\/blog\/solucoes-em-moveis-de-aco-para-armazenagem-e-organizacao-de-ambientes-corporativos\/\"]}]},{\"@type\":\"ImageObject\",\"inLanguage\":\"pt-BR\",\"@id\":\"https:\/\/www.sistemamoveis.com.br\/blog\/solucoes-em-moveis-de-aco-para-armazenagem-e-organizacao-de-ambientes-corporativos\/#primaryimage\",\"url\":\"https:\/\/www.sistemamoveis.com.br\/blog\/wp-content\/uploads\/2026\/04\/ambientes-corporativos.jpg\",\"contentUrl\":\"https:\/\/www.sistemamoveis.com.br\/blog\/wp-content\/uploads\/2026\/04\/ambientes-corporativos.jpg\",\"width\":2000,\"height\":1121,\"caption\":\"ambientes corporativos\"},{\"@type\":\"BreadcrumbList\",\"@id\":\"https:\/\/www.sistemamoveis.com.br\/blog\/solucoes-em-moveis-de-aco-para-armazenagem-e-organizacao-de-ambientes-corporativos\/#breadcrumb\",\"itemListElement\":[{\"@type\":\"ListItem\",\"position\":1,\"name\":\"In\u00edcio\",\"item\":\"https:\/\/www.sistemamoveis.com.br\/blog\/\"},{\"@type\":\"ListItem\",\"position\":2,\"name\":\"Solu\u00e7\u00f5es em m\u00f3veis de a\u00e7o para armazenagem e organiza\u00e7\u00e3o de ambientes corporativos\"}]},{\"@type\":\"WebSite\",\"@id\":\"https:\/\/www.sistemamoveis.com.br\/blog\/#website\",\"url\":\"https:\/\/www.sistemamoveis.com.br\/blog\/\",\"name\":\"Sistema M\u00f3veis\",\"description\":\"Blog - Sistema M\u00f3veis\",\"publisher\":{\"@id\":\"https:\/\/www.sistemamoveis.com.br\/blog\/#organization\"},\"potentialAction\":[{\"@type\":\"SearchAction\",\"target\":{\"@type\":\"EntryPoint\",\"urlTemplate\":\"https:\/\/www.sistemamoveis.com.br\/blog\/?s={search_term_string}\"},\"query-input\":{\"@type\":\"PropertyValueSpecification\",\"valueRequired\":true,\"valueName\":\"search_term_string\"}}],\"inLanguage\":\"pt-BR\"},{\"@type\":\"Organization\",\"@id\":\"https:\/\/www.sistemamoveis.com.br\/blog\/#organization\",\"name\":\"Sistema M\u00f3veis\",\"url\":\"https:\/\/www.sistemamoveis.com.br\/blog\/\",\"logo\":{\"@type\":\"ImageObject\",\"inLanguage\":\"pt-BR\",\"@id\":\"https:\/\/www.sistemamoveis.com.br\/blog\/#\/schema\/logo\/image\/\",\"url\":\"https:\/\/www.sistemamoveis.com.br\/blog\/wp-content\/uploads\/2023\/10\/logo.png\",\"contentUrl\":\"https:\/\/www.sistemamoveis.com.br\/blog\/wp-content\/uploads\/2023\/10\/logo.png\",\"width\":178,\"height\":55,\"caption\":\"Sistema M\u00f3veis\"},\"image\":{\"@id\":\"https:\/\/www.sistemamoveis.com.br\/blog\/#\/schema\/logo\/image\/\"}},{\"@type\":\"Person\",\"@id\":\"https:\/\/www.sistemamoveis.com.br\/blog\/#\/schema\/person\/e9ac77f2e566e70d67677c219d7a7c7a\",\"name\":\"admin\",\"image\":{\"@type\":\"ImageObject\",\"inLanguage\":\"pt-BR\",\"@id\":\"https:\/\/www.sistemamoveis.com.br\/blog\/#\/schema\/person\/image\/\",\"url\":\"https:\/\/secure.gravatar.com\/avatar\/ae92580851fb03298934a1b9611b38c6dbe9c76ce20ff6d3222955b1fd38e5da?s=96&d=mm&r=g\",\"contentUrl\":\"https:\/\/secure.gravatar.com\/avatar\/ae92580851fb03298934a1b9611b38c6dbe9c76ce20ff6d3222955b1fd38e5da?s=96&d=mm&r=g\",\"caption\":\"admin\"},\"sameAs\":[\"https:\/\/www.sistemamoveis.com.br\/blog\"],\"url\":\"https:\/\/www.sistemamoveis.com.br\/blog\/author\/admin\/\"}]}<\/script>\n<!-- \/ Yoast SEO plugin. -->","yoast_head_json":{"title":"Ambientes Corporativos: Solu\u00e7\u00f5es em m\u00f3veis de a\u00e7o para armazenagem e organiza\u00e7\u00e3o de ambientes corporativos - Sistema M\u00f3veis","description":"Solu\u00e7\u00f5es em m\u00f3veis de a\u00e7o para armazenagem e organiza\u00e7\u00e3o de ambientes corporativos representam uma escolha estrat\u00e9gica para empresas que...","robots":{"index":"index","follow":"follow","max-snippet":"max-snippet:-1","max-image-preview":"max-image-preview:large","max-video-preview":"max-video-preview:-1"},"canonical":"https:\/\/www.sistemamoveis.com.br\/blog\/solucoes-em-moveis-de-aco-para-armazenagem-e-organizacao-de-ambientes-corporativos\/","og_locale":"pt_BR","og_type":"article","og_title":"Ambientes Corporativos: Solu\u00e7\u00f5es em m\u00f3veis de a\u00e7o para armazenagem e organiza\u00e7\u00e3o de ambientes corporativos - Sistema M\u00f3veis","og_description":"Solu\u00e7\u00f5es em m\u00f3veis de a\u00e7o para armazenagem e organiza\u00e7\u00e3o de ambientes corporativos representam uma escolha estrat\u00e9gica para empresas que...","og_url":"https:\/\/www.sistemamoveis.com.br\/blog\/solucoes-em-moveis-de-aco-para-armazenagem-e-organizacao-de-ambientes-corporativos\/","og_site_name":"Sistema M\u00f3veis","article_published_time":"2026-04-22T14:58:00+00:00","article_modified_time":"2026-04-30T15:01:08+00:00","og_image":[{"width":2000,"height":1121,"url":"https:\/\/www.sistemamoveis.com.br\/blog\/wp-content\/uploads\/2026\/04\/ambientes-corporativos.jpg","type":"image\/jpeg"}],"author":"admin","twitter_card":"summary_large_image","twitter_misc":{"Escrito por":"admin","Est. tempo de leitura":"14 minutos"},"schema":{"@context":"https:\/\/schema.org","@graph":[{"@type":"Article","@id":"https:\/\/www.sistemamoveis.com.br\/blog\/solucoes-em-moveis-de-aco-para-armazenagem-e-organizacao-de-ambientes-corporativos\/#article","isPartOf":{"@id":"https:\/\/www.sistemamoveis.com.br\/blog\/solucoes-em-moveis-de-aco-para-armazenagem-e-organizacao-de-ambientes-corporativos\/"},"author":{"name":"admin","@id":"https:\/\/www.sistemamoveis.com.br\/blog\/#\/schema\/person\/e9ac77f2e566e70d67677c219d7a7c7a"},"headline":"Solu\u00e7\u00f5es em m\u00f3veis de a\u00e7o para armazenagem e organiza\u00e7\u00e3o de ambientes corporativos","datePublished":"2026-04-22T14:58:00+00:00","dateModified":"2026-04-30T15:01:08+00:00","mainEntityOfPage":{"@id":"https:\/\/www.sistemamoveis.com.br\/blog\/solucoes-em-moveis-de-aco-para-armazenagem-e-organizacao-de-ambientes-corporativos\/"},"wordCount":2807,"commentCount":0,"publisher":{"@id":"https:\/\/www.sistemamoveis.com.br\/blog\/#organization"},"image":{"@id":"https:\/\/www.sistemamoveis.com.br\/blog\/solucoes-em-moveis-de-aco-para-armazenagem-e-organizacao-de-ambientes-corporativos\/#primaryimage"},"thumbnailUrl":"https:\/\/www.sistemamoveis.com.br\/blog\/wp-content\/uploads\/2026\/04\/ambientes-corporativos.jpg","keywords":["Ambiente Corporativo","Ambiente de Trabalho","ambientes corporativos","Ergonomia","Ergonomia Ambiente Corporativo","Ergonomia em ambientes de trabalho","Ergonomia no ambiente de trabalho","Mobili\u00e1rio para audit\u00f3rios e salas de treinamento","M\u00f3veis sob medida para escrit\u00f3rios","Planejamento de layout corporativo"],"articleSection":["Ambiente Corporativo"],"inLanguage":"pt-BR","potentialAction":[{"@type":"CommentAction","name":"Comment","target":["https:\/\/www.sistemamoveis.com.br\/blog\/solucoes-em-moveis-de-aco-para-armazenagem-e-organizacao-de-ambientes-corporativos\/#respond"]}]},{"@type":"WebPage","@id":"https:\/\/www.sistemamoveis.com.br\/blog\/solucoes-em-moveis-de-aco-para-armazenagem-e-organizacao-de-ambientes-corporativos\/","url":"https:\/\/www.sistemamoveis.com.br\/blog\/solucoes-em-moveis-de-aco-para-armazenagem-e-organizacao-de-ambientes-corporativos\/","name":"Ambientes Corporativos: Solu\u00e7\u00f5es em m\u00f3veis de a\u00e7o para armazenagem e organiza\u00e7\u00e3o de ambientes corporativos - Sistema M\u00f3veis","isPartOf":{"@id":"https:\/\/www.sistemamoveis.com.br\/blog\/#website"},"primaryImageOfPage":{"@id":"https:\/\/www.sistemamoveis.com.br\/blog\/solucoes-em-moveis-de-aco-para-armazenagem-e-organizacao-de-ambientes-corporativos\/#primaryimage"},"image":{"@id":"https:\/\/www.sistemamoveis.com.br\/blog\/solucoes-em-moveis-de-aco-para-armazenagem-e-organizacao-de-ambientes-corporativos\/#primaryimage"},"thumbnailUrl":"https:\/\/www.sistemamoveis.com.br\/blog\/wp-content\/uploads\/2026\/04\/ambientes-corporativos.jpg","datePublished":"2026-04-22T14:58:00+00:00","dateModified":"2026-04-30T15:01:08+00:00","description":"Solu\u00e7\u00f5es em m\u00f3veis de a\u00e7o para armazenagem e organiza\u00e7\u00e3o de ambientes corporativos representam uma escolha estrat\u00e9gica para empresas que...","breadcrumb":{"@id":"https:\/\/www.sistemamoveis.com.br\/blog\/solucoes-em-moveis-de-aco-para-armazenagem-e-organizacao-de-ambientes-corporativos\/#breadcrumb"},"inLanguage":"pt-BR","potentialAction":[{"@type":"ReadAction","target":["https:\/\/www.sistemamoveis.com.br\/blog\/solucoes-em-moveis-de-aco-para-armazenagem-e-organizacao-de-ambientes-corporativos\/"]}]},{"@type":"ImageObject","inLanguage":"pt-BR","@id":"https:\/\/www.sistemamoveis.com.br\/blog\/solucoes-em-moveis-de-aco-para-armazenagem-e-organizacao-de-ambientes-corporativos\/#primaryimage","url":"https:\/\/www.sistemamoveis.com.br\/blog\/wp-content\/uploads\/2026\/04\/ambientes-corporativos.jpg","contentUrl":"https:\/\/www.sistemamoveis.com.br\/blog\/wp-content\/uploads\/2026\/04\/ambientes-corporativos.jpg","width":2000,"height":1121,"caption":"ambientes corporativos"},{"@type":"BreadcrumbList","@id":"https:\/\/www.sistemamoveis.com.br\/blog\/solucoes-em-moveis-de-aco-para-armazenagem-e-organizacao-de-ambientes-corporativos\/#breadcrumb","itemListElement":[{"@type":"ListItem","position":1,"name":"In\u00edcio","item":"https:\/\/www.sistemamoveis.com.br\/blog\/"},{"@type":"ListItem","position":2,"name":"Solu\u00e7\u00f5es em m\u00f3veis de a\u00e7o para armazenagem e organiza\u00e7\u00e3o de ambientes corporativos"}]},{"@type":"WebSite","@id":"https:\/\/www.sistemamoveis.com.br\/blog\/#website","url":"https:\/\/www.sistemamoveis.com.br\/blog\/","name":"Sistema M\u00f3veis","description":"Blog - Sistema M\u00f3veis","publisher":{"@id":"https:\/\/www.sistemamoveis.com.br\/blog\/#organization"},"potentialAction":[{"@type":"SearchAction","target":{"@type":"EntryPoint","urlTemplate":"https:\/\/www.sistemamoveis.com.br\/blog\/?s={search_term_string}"},"query-input":{"@type":"PropertyValueSpecification","valueRequired":true,"valueName":"search_term_string"}}],"inLanguage":"pt-BR"},{"@type":"Organization","@id":"https:\/\/www.sistemamoveis.com.br\/blog\/#organization","name":"Sistema M\u00f3veis","url":"https:\/\/www.sistemamoveis.com.br\/blog\/","logo":{"@type":"ImageObject","inLanguage":"pt-BR","@id":"https:\/\/www.sistemamoveis.com.br\/blog\/#\/schema\/logo\/image\/","url":"https:\/\/www.sistemamoveis.com.br\/blog\/wp-content\/uploads\/2023\/10\/logo.png","contentUrl":"https:\/\/www.sistemamoveis.com.br\/blog\/wp-content\/uploads\/2023\/10\/logo.png","width":178,"height":55,"caption":"Sistema M\u00f3veis"},"image":{"@id":"https:\/\/www.sistemamoveis.com.br\/blog\/#\/schema\/logo\/image\/"}},{"@type":"Person","@id":"https:\/\/www.sistemamoveis.com.br\/blog\/#\/schema\/person\/e9ac77f2e566e70d67677c219d7a7c7a","name":"admin","image":{"@type":"ImageObject","inLanguage":"pt-BR","@id":"https:\/\/www.sistemamoveis.com.br\/blog\/#\/schema\/person\/image\/","url":"https:\/\/secure.gravatar.com\/avatar\/ae92580851fb03298934a1b9611b38c6dbe9c76ce20ff6d3222955b1fd38e5da?s=96&d=mm&r=g","contentUrl":"https:\/\/secure.gravatar.com\/avatar\/ae92580851fb03298934a1b9611b38c6dbe9c76ce20ff6d3222955b1fd38e5da?s=96&d=mm&r=g","caption":"admin"},"sameAs":["https:\/\/www.sistemamoveis.com.br\/blog"],"url":"https:\/\/www.sistemamoveis.com.br\/blog\/author\/admin\/"}]}},"_links":{"self":[{"href":"https:\/\/www.sistemamoveis.com.br\/blog\/wp-json\/wp\/v2\/posts\/315","targetHints":{"allow":["GET"]}}],"collection":[{"href":"https:\/\/www.sistemamoveis.com.br\/blog\/wp-json\/wp\/v2\/posts"}],"about":[{"href":"https:\/\/www.sistemamoveis.com.br\/blog\/wp-json\/wp\/v2\/types\/post"}],"author":[{"embeddable":true,"href":"https:\/\/www.sistemamoveis.com.br\/blog\/wp-json\/wp\/v2\/users\/1"}],"replies":[{"embeddable":true,"href":"https:\/\/www.sistemamoveis.com.br\/blog\/wp-json\/wp\/v2\/comments?post=315"}],"version-history":[{"count":1,"href":"https:\/\/www.sistemamoveis.com.br\/blog\/wp-json\/wp\/v2\/posts\/315\/revisions"}],"predecessor-version":[{"id":317,"href":"https:\/\/www.sistemamoveis.com.br\/blog\/wp-json\/wp\/v2\/posts\/315\/revisions\/317"}],"wp:featuredmedia":[{"embeddable":true,"href":"https:\/\/www.sistemamoveis.com.br\/blog\/wp-json\/wp\/v2\/media\/316"}],"wp:attachment":[{"href":"https:\/\/www.sistemamoveis.com.br\/blog\/wp-json\/wp\/v2\/media?parent=315"}],"wp:term":[{"taxonomy":"category","embeddable":true,"href":"https:\/\/www.sistemamoveis.com.br\/blog\/wp-json\/wp\/v2\/categories?post=315"},{"taxonomy":"post_tag","embeddable":true,"href":"https:\/\/www.sistemamoveis.com.br\/blog\/wp-json\/wp\/v2\/tags?post=315"}],"curies":[{"name":"wp","href":"https:\/\/api.w.org\/{rel}","templated":true}]}}