{"id":318,"date":"2026-04-23T15:01:20","date_gmt":"2026-04-23T15:01:20","guid":{"rendered":"https:\/\/www.sistemamoveis.com.br\/blog\/?p=318"},"modified":"2026-04-30T15:03:36","modified_gmt":"2026-04-30T15:03:36","slug":"projeto-de-escritorio-corporativo-etapas-para-criar-um-ambiente-funcional-moderno-e-estrategico","status":"publish","type":"post","link":"https:\/\/www.sistemamoveis.com.br\/blog\/projeto-de-escritorio-corporativo-etapas-para-criar-um-ambiente-funcional-moderno-e-estrategico\/","title":{"rendered":"Projeto de escrit\u00f3rio corporativo: etapas para criar um ambiente funcional, moderno e estrat\u00e9gico"},"content":{"rendered":"<span class=\"span-reading-time rt-reading-time\" style=\"display: block;\"><span class=\"rt-label rt-prefix\">Tempo de leitura: <\/span> <span class=\"rt-time\"> 8<\/span> <span class=\"rt-label rt-postfix\">minutos<\/span><\/span>\n<p>Projeto de escrit\u00f3rio corporativo: etapas para criar um ambiente funcional, moderno e estrat\u00e9gico come\u00e7a com uma vis\u00e3o clara de que o ambiente de trabalho n\u00e3o deve ser planejado apenas para acomodar pessoas e m\u00f3veis. Ele precisa responder \u00e0 rotina da empresa, apoiar processos, refor\u00e7ar a imagem institucional e criar condi\u00e7\u00f5es reais para organiza\u00e7\u00e3o, fluidez operacional e melhor aproveitamento do espa\u00e7o dispon\u00edvel.<\/p>\n\n\n\n<p>Em muitas empresas, o escrit\u00f3rio ainda \u00e9 estruturado de forma reativa. Primeiro v\u00eam as equipes, depois as mesas, e s\u00f3 ent\u00e3o surgem tentativas de adaptar o espa\u00e7o \u00e0s necessidades do dia a dia. O problema \u00e9 que essa l\u00f3gica costuma gerar circula\u00e7\u00e3o ruim, excesso visual, baixa integra\u00e7\u00e3o entre setores e dificuldades que se repetem ao longo do tempo. Ser\u00e1 que um ambiente corporativo pode funcionar bem quando nasce da improvisa\u00e7\u00e3o?<\/p>\n\n\n\n<p>Um projeto bem conduzido considera layout, ergonomia, identidade visual, funcionalidade, armazenagem, fluxo interno e possibilidades de crescimento. Ele n\u00e3o trata o escrit\u00f3rio como cen\u00e1rio, mas como parte ativa da opera\u00e7\u00e3o. Quando essa an\u00e1lise \u00e9 feita com crit\u00e9rio, o ambiente tende a se tornar mais coerente com a realidade da empresa e mais eficiente para quem utiliza o espa\u00e7o diariamente.<\/p>\n\n\n\n<p>Levantamentos recentes mostram aumento na preocupa\u00e7\u00e3o de gestores com ergonomia, organiza\u00e7\u00e3o dos ambientes e inadequa\u00e7\u00e3o do mobili\u00e1rio corporativo, fatores que impactam diretamente na produtividade e imagem profissional das empresas. Esse movimento explica por que o planejamento do escrit\u00f3rio passou a ter papel cada vez mais relevante em decis\u00f5es administrativas, operacionais e institucionais.<\/p>\n\n\n\n<p>Quer otimizar o layout do seu ambiente corporativo? Solicite uma avalia\u00e7\u00e3o t\u00e9cnica.<\/p>\n\n\n\n<div id=\"ez-toc-container\" class=\"ez-toc-v2_0_80 counter-hierarchy ez-toc-counter ez-toc-grey ez-toc-container-direction\">\n<div class=\"ez-toc-title-container\">\n<p class=\"ez-toc-title\" style=\"cursor:inherit\">T\u00f3picos do artigo<\/p>\n<span class=\"ez-toc-title-toggle\"><a href=\"#\" class=\"ez-toc-pull-right ez-toc-btn ez-toc-btn-xs ez-toc-btn-default ez-toc-toggle\" aria-label=\"Alternar tabela de conte\u00fado\"><span class=\"ez-toc-js-icon-con\"><span class=\"\"><span class=\"eztoc-hide\" style=\"display:none;\">Toggle<\/span><span class=\"ez-toc-icon-toggle-span\"><svg style=\"fill: #999;color:#999\" xmlns=\"http:\/\/www.w3.org\/2000\/svg\" class=\"list-377408\" width=\"20px\" height=\"20px\" viewBox=\"0 0 24 24\" fill=\"none\"><path d=\"M6 6H4v2h2V6zm14 0H8v2h12V6zM4 11h2v2H4v-2zm16 0H8v2h12v-2zM4 16h2v2H4v-2zm16 0H8v2h12v-2z\" fill=\"currentColor\"><\/path><\/svg><svg style=\"fill: #999;color:#999\" class=\"arrow-unsorted-368013\" xmlns=\"http:\/\/www.w3.org\/2000\/svg\" width=\"10px\" height=\"10px\" viewBox=\"0 0 24 24\" version=\"1.2\" baseProfile=\"tiny\"><path d=\"M18.2 9.3l-6.2-6.3-6.2 6.3c-.2.2-.3.4-.3.7s.1.5.3.7c.2.2.4.3.7.3h11c.3 0 .5-.1.7-.3.2-.2.3-.5.3-.7s-.1-.5-.3-.7zM5.8 14.7l6.2 6.3 6.2-6.3c.2-.2.3-.5.3-.7s-.1-.5-.3-.7c-.2-.2-.4-.3-.7-.3h-11c-.3 0-.5.1-.7.3-.2.2-.3.5-.3.7s.1.5.3.7z\"\/><\/svg><\/span><\/span><\/span><\/a><\/span><\/div>\n<nav><ul class='ez-toc-list ez-toc-list-level-1 ' ><li class='ez-toc-page-1 ez-toc-heading-level-2'><a class=\"ez-toc-link ez-toc-heading-1\" href=\"https:\/\/www.sistemamoveis.com.br\/blog\/projeto-de-escritorio-corporativo-etapas-para-criar-um-ambiente-funcional-moderno-e-estrategico\/#O_primeiro_passo_entender_a_rotina_os_fluxos_e_as_necessidades_reais_da_empresa\" >O primeiro passo: entender a rotina, os fluxos e as necessidades reais da empresa<\/a><ul class='ez-toc-list-level-3' ><li class='ez-toc-heading-level-3'><a class=\"ez-toc-link ez-toc-heading-2\" href=\"https:\/\/www.sistemamoveis.com.br\/blog\/projeto-de-escritorio-corporativo-etapas-para-criar-um-ambiente-funcional-moderno-e-estrategico\/#Mapeamento_de_equipes_atividades_e_circulacao\" >Mapeamento de equipes, atividades e circula\u00e7\u00e3o<\/a><\/li><li class='ez-toc-page-1 ez-toc-heading-level-3'><a class=\"ez-toc-link ez-toc-heading-3\" href=\"https:\/\/www.sistemamoveis.com.br\/blog\/projeto-de-escritorio-corporativo-etapas-para-criar-um-ambiente-funcional-moderno-e-estrategico\/#Leitura_tecnica_do_espaco_disponivel\" >Leitura t\u00e9cnica do espa\u00e7o dispon\u00edvel<\/a><\/li><\/ul><\/li><li class='ez-toc-page-1 ez-toc-heading-level-2'><a class=\"ez-toc-link ez-toc-heading-4\" href=\"https:\/\/www.sistemamoveis.com.br\/blog\/projeto-de-escritorio-corporativo-etapas-para-criar-um-ambiente-funcional-moderno-e-estrategico\/#A_segunda_etapa_definir_o_layout_funcional_do_escritorio\" >A segunda etapa: definir o layout funcional do escrit\u00f3rio<\/a><ul class='ez-toc-list-level-3' ><li class='ez-toc-heading-level-3'><a class=\"ez-toc-link ez-toc-heading-5\" href=\"https:\/\/www.sistemamoveis.com.br\/blog\/projeto-de-escritorio-corporativo-etapas-para-criar-um-ambiente-funcional-moderno-e-estrategico\/#Setorizacao_com_base_na_operacao\" >Setoriza\u00e7\u00e3o com base na opera\u00e7\u00e3o<\/a><\/li><li class='ez-toc-page-1 ez-toc-heading-level-3'><a class=\"ez-toc-link ez-toc-heading-6\" href=\"https:\/\/www.sistemamoveis.com.br\/blog\/projeto-de-escritorio-corporativo-etapas-para-criar-um-ambiente-funcional-moderno-e-estrategico\/#Circulacao_e_conforto_espacial\" >Circula\u00e7\u00e3o e conforto espacial<\/a><\/li><\/ul><\/li><li class='ez-toc-page-1 ez-toc-heading-level-2'><a class=\"ez-toc-link ez-toc-heading-7\" href=\"https:\/\/www.sistemamoveis.com.br\/blog\/projeto-de-escritorio-corporativo-etapas-para-criar-um-ambiente-funcional-moderno-e-estrategico\/#A_terceira_etapa_escolher_o_mobiliario_corporativo_com_base_tecnica\" >A terceira etapa: escolher o mobili\u00e1rio corporativo com base t\u00e9cnica<\/a><ul class='ez-toc-list-level-3' ><li class='ez-toc-heading-level-3'><a class=\"ez-toc-link ez-toc-heading-8\" href=\"https:\/\/www.sistemamoveis.com.br\/blog\/projeto-de-escritorio-corporativo-etapas-para-criar-um-ambiente-funcional-moderno-e-estrategico\/#Ergonomia_aplicada_ao_ambiente_de_trabalho\" >Ergonomia aplicada ao ambiente de trabalho<\/a><\/li><li class='ez-toc-page-1 ez-toc-heading-level-3'><a class=\"ez-toc-link ez-toc-heading-9\" href=\"https:\/\/www.sistemamoveis.com.br\/blog\/projeto-de-escritorio-corporativo-etapas-para-criar-um-ambiente-funcional-moderno-e-estrategico\/#Padronizacao_visual_e_coerencia_entre_os_setores\" >Padroniza\u00e7\u00e3o visual e coer\u00eancia entre os setores<\/a><\/li><\/ul><\/li><li class='ez-toc-page-1 ez-toc-heading-level-2'><a class=\"ez-toc-link ez-toc-heading-10\" href=\"https:\/\/www.sistemamoveis.com.br\/blog\/projeto-de-escritorio-corporativo-etapas-para-criar-um-ambiente-funcional-moderno-e-estrategico\/#A_quarta_etapa_planejar_armazenagem_e_organizacao_interna\" >A quarta etapa: planejar armazenagem e organiza\u00e7\u00e3o interna<\/a><ul class='ez-toc-list-level-3' ><li class='ez-toc-heading-level-3'><a class=\"ez-toc-link ez-toc-heading-11\" href=\"https:\/\/www.sistemamoveis.com.br\/blog\/projeto-de-escritorio-corporativo-etapas-para-criar-um-ambiente-funcional-moderno-e-estrategico\/#Menos_excesso_visual_mais_clareza_operacional\" >Menos excesso visual, mais clareza operacional<\/a><\/li><li class='ez-toc-page-1 ez-toc-heading-level-3'><a class=\"ez-toc-link ez-toc-heading-12\" href=\"https:\/\/www.sistemamoveis.com.br\/blog\/projeto-de-escritorio-corporativo-etapas-para-criar-um-ambiente-funcional-moderno-e-estrategico\/#Solucoes_sob_medida_para_melhor_aproveitamento\" >Solu\u00e7\u00f5es sob medida para melhor aproveitamento<\/a><\/li><\/ul><\/li><li class='ez-toc-page-1 ez-toc-heading-level-2'><a class=\"ez-toc-link ez-toc-heading-13\" href=\"https:\/\/www.sistemamoveis.com.br\/blog\/projeto-de-escritorio-corporativo-etapas-para-criar-um-ambiente-funcional-moderno-e-estrategico\/#A_quinta_etapa_integrar_modernidade_e_identidade_visual_sem_perder_funcionalidade\" >A quinta etapa: integrar modernidade e identidade visual sem perder funcionalidade<\/a><ul class='ez-toc-list-level-3' ><li class='ez-toc-heading-level-3'><a class=\"ez-toc-link ez-toc-heading-14\" href=\"https:\/\/www.sistemamoveis.com.br\/blog\/projeto-de-escritorio-corporativo-etapas-para-criar-um-ambiente-funcional-moderno-e-estrategico\/#A_estetica_deve_acompanhar_a_operacao\" >A est\u00e9tica deve acompanhar a opera\u00e7\u00e3o<\/a><\/li><li class='ez-toc-page-1 ez-toc-heading-level-3'><a class=\"ez-toc-link ez-toc-heading-15\" href=\"https:\/\/www.sistemamoveis.com.br\/blog\/projeto-de-escritorio-corporativo-etapas-para-criar-um-ambiente-funcional-moderno-e-estrategico\/#O_escritorio_como_expressao_da_marca\" >O escrit\u00f3rio como express\u00e3o da marca<\/a><\/li><\/ul><\/li><li class='ez-toc-page-1 ez-toc-heading-level-2'><a class=\"ez-toc-link ez-toc-heading-16\" href=\"https:\/\/www.sistemamoveis.com.br\/blog\/projeto-de-escritorio-corporativo-etapas-para-criar-um-ambiente-funcional-moderno-e-estrategico\/#A_sexta_etapa_pensar_em_escalabilidade_e_adaptacao_futura\" >A sexta etapa: pensar em escalabilidade e adapta\u00e7\u00e3o futura<\/a><ul class='ez-toc-list-level-3' ><li class='ez-toc-heading-level-3'><a class=\"ez-toc-link ez-toc-heading-17\" href=\"https:\/\/www.sistemamoveis.com.br\/blog\/projeto-de-escritorio-corporativo-etapas-para-criar-um-ambiente-funcional-moderno-e-estrategico\/#Crescimento_da_equipe_e_reorganizacao_dos_setores\" >Crescimento da equipe e reorganiza\u00e7\u00e3o dos setores<\/a><\/li><li class='ez-toc-page-1 ez-toc-heading-level-3'><a class=\"ez-toc-link ez-toc-heading-18\" href=\"https:\/\/www.sistemamoveis.com.br\/blog\/projeto-de-escritorio-corporativo-etapas-para-criar-um-ambiente-funcional-moderno-e-estrategico\/#Sustentacao_da_operacao_no_longo_prazo\" >Sustenta\u00e7\u00e3o da opera\u00e7\u00e3o no longo prazo<\/a><\/li><\/ul><\/li><li class='ez-toc-page-1 ez-toc-heading-level-2'><a class=\"ez-toc-link ez-toc-heading-19\" href=\"https:\/\/www.sistemamoveis.com.br\/blog\/projeto-de-escritorio-corporativo-etapas-para-criar-um-ambiente-funcional-moderno-e-estrategico\/#A_setima_etapa_contar_com_atendimento_consultivo_e_execucao_profissional\" >A s\u00e9tima etapa: contar com atendimento consultivo e execu\u00e7\u00e3o profissional<\/a><ul class='ez-toc-list-level-3' ><li class='ez-toc-heading-level-3'><a class=\"ez-toc-link ez-toc-heading-20\" href=\"https:\/\/www.sistemamoveis.com.br\/blog\/projeto-de-escritorio-corporativo-etapas-para-criar-um-ambiente-funcional-moderno-e-estrategico\/#O_valor_de_um_projeto_orientado_por_especialistas\" >O valor de um projeto orientado por especialistas<\/a><\/li><li class='ez-toc-page-1 ez-toc-heading-level-3'><a class=\"ez-toc-link ez-toc-heading-21\" href=\"https:\/\/www.sistemamoveis.com.br\/blog\/projeto-de-escritorio-corporativo-etapas-para-criar-um-ambiente-funcional-moderno-e-estrategico\/#A_experiencia_como_diferencial_pratico\" >A experi\u00eancia como diferencial pr\u00e1tico<\/a><\/li><\/ul><\/li><li class='ez-toc-page-1 ez-toc-heading-level-2'><a class=\"ez-toc-link ez-toc-heading-22\" href=\"https:\/\/www.sistemamoveis.com.br\/blog\/projeto-de-escritorio-corporativo-etapas-para-criar-um-ambiente-funcional-moderno-e-estrategico\/#O_impacto_do_projeto_na_produtividade_na_imagem_e_na_rotina_da_empresa\" >O impacto do projeto na produtividade, na imagem e na rotina da empresa<\/a><ul class='ez-toc-list-level-3' ><li class='ez-toc-heading-level-3'><a class=\"ez-toc-link ez-toc-heading-23\" href=\"https:\/\/www.sistemamoveis.com.br\/blog\/projeto-de-escritorio-corporativo-etapas-para-criar-um-ambiente-funcional-moderno-e-estrategico\/#1_Qual_e_a_primeira_etapa_de_um_projeto_de_escritorio_corporativo\" >1. Qual \u00e9 a primeira etapa de um projeto de escrit\u00f3rio corporativo?<\/a><\/li><li class='ez-toc-page-1 ez-toc-heading-level-3'><a class=\"ez-toc-link ez-toc-heading-24\" href=\"https:\/\/www.sistemamoveis.com.br\/blog\/projeto-de-escritorio-corporativo-etapas-para-criar-um-ambiente-funcional-moderno-e-estrategico\/#2_O_layout_realmente_influencia_o_desempenho_do_escritorio\" >2. O layout realmente influencia o desempenho do escrit\u00f3rio?<\/a><\/li><li class='ez-toc-page-1 ez-toc-heading-level-3'><a class=\"ez-toc-link ez-toc-heading-25\" href=\"https:\/\/www.sistemamoveis.com.br\/blog\/projeto-de-escritorio-corporativo-etapas-para-criar-um-ambiente-funcional-moderno-e-estrategico\/#3_Moveis_sob_medida_sao_sempre_necessarios\" >3. M\u00f3veis sob medida s\u00e3o sempre necess\u00e1rios?<\/a><\/li><li class='ez-toc-page-1 ez-toc-heading-level-3'><a class=\"ez-toc-link ez-toc-heading-26\" href=\"https:\/\/www.sistemamoveis.com.br\/blog\/projeto-de-escritorio-corporativo-etapas-para-criar-um-ambiente-funcional-moderno-e-estrategico\/#4_A_Sistema_Moveis_atende_apenas_escritorios\" >4. A Sistema M\u00f3veis atende apenas escrit\u00f3rios?<\/a><\/li><li class='ez-toc-page-1 ez-toc-heading-level-3'><a class=\"ez-toc-link ez-toc-heading-27\" href=\"https:\/\/www.sistemamoveis.com.br\/blog\/projeto-de-escritorio-corporativo-etapas-para-criar-um-ambiente-funcional-moderno-e-estrategico\/#5_Existe_relato_de_cliente_sobre_esse_tipo_de_projeto\" >5. Existe relato de cliente sobre esse tipo de projeto?<\/a><\/li><\/ul><\/li><\/ul><\/nav><\/div>\n<h2 class=\"wp-block-heading\"><span class=\"ez-toc-section\" id=\"O_primeiro_passo_entender_a_rotina_os_fluxos_e_as_necessidades_reais_da_empresa\"><\/span><a><\/a> <strong>O primeiro passo: entender a rotina, os fluxos e as necessidades reais da empresa<\/strong><span class=\"ez-toc-section-end\"><\/span><\/h2>\n\n\n\n<p>Nenhum bom projeto come\u00e7a pelo cat\u00e1logo de m\u00f3veis. Antes de qualquer defini\u00e7\u00e3o est\u00e9tica ou t\u00e9cnica, \u00e9 preciso entender como a empresa funciona. Quantas pessoas utilizam o espa\u00e7o? Quais setores precisam de mais integra\u00e7\u00e3o? Onde h\u00e1 maior necessidade de concentra\u00e7\u00e3o? Quais \u00e1reas recebem clientes, parceiros ou fornecedores? Que tipo de armazenamento \u00e9 necess\u00e1rio? Essas respostas orientam todo o restante do processo.<\/p>\n\n\n\n<p>Sem esse diagn\u00f3stico, o risco \u00e9 montar um escrit\u00f3rio visualmente bonito, mas pouco funcional. O espa\u00e7o pode at\u00e9 parecer moderno em um primeiro momento, mas continuar\u00e1 desconectado da rotina real. \u00c9 por isso que o projeto deve partir do uso, e n\u00e3o apenas da apar\u00eancia.<\/p>\n\n\n\n<h3 class=\"wp-block-heading\"><span class=\"ez-toc-section\" id=\"Mapeamento_de_equipes_atividades_e_circulacao\"><\/span><a><\/a> <strong>Mapeamento de equipes, atividades e circula\u00e7\u00e3o<\/strong><span class=\"ez-toc-section-end\"><\/span><\/h3>\n\n\n\n<p>Cada empresa possui uma din\u00e2mica pr\u00f3pria. Algumas dependem de intera\u00e7\u00e3o constante entre equipes. Outras precisam preservar \u00e1reas mais silenciosas para atividades anal\u00edticas, administrativas ou estrat\u00e9gicas. H\u00e1 tamb\u00e9m neg\u00f3cios que recebem fluxo intenso de visitantes, o que exige aten\u00e7\u00e3o especial \u00e0 recep\u00e7\u00e3o, salas de reuni\u00e3o e circula\u00e7\u00e3o.<\/p>\n\n\n\n<p>Quando esses elementos s\u00e3o mapeados corretamente, o layout passa a refletir a l\u00f3gica da opera\u00e7\u00e3o. A distribui\u00e7\u00e3o dos ambientes se torna mais inteligente e o mobili\u00e1rio pode ser especificado com mais precis\u00e3o.<\/p>\n\n\n\n<h3 class=\"wp-block-heading\"><span class=\"ez-toc-section\" id=\"Leitura_tecnica_do_espaco_disponivel\"><\/span><a><\/a> <strong>Leitura t\u00e9cnica do espa\u00e7o dispon\u00edvel<\/strong><span class=\"ez-toc-section-end\"><\/span><\/h3>\n\n\n\n<p>Al\u00e9m da rotina, \u00e9 essencial compreender os limites e potenciais f\u00edsicos do local. Dimens\u00f5es, pontos de acesso, ilumina\u00e7\u00e3o, \u00e1reas de passagem, colunas, janelas e setoriza\u00e7\u00e3o precisam ser considerados desde o in\u00edcio. Muitas empresas tentam encaixar o projeto em um espa\u00e7o sem leitura t\u00e9cnica adequada e acabam criando dificuldades futuras.<\/p>\n\n\n\n<p>Busca solu\u00e7\u00f5es corporativas eficientes e dur\u00e1veis? Converse com a Sistema M\u00f3veis.<\/p>\n\n\n\n<h2 class=\"wp-block-heading\"><span class=\"ez-toc-section\" id=\"A_segunda_etapa_definir_o_layout_funcional_do_escritorio\"><\/span><a><\/a> <strong>A segunda etapa: definir o layout funcional do escrit\u00f3rio<\/strong><span class=\"ez-toc-section-end\"><\/span><\/h2>\n\n\n\n<p>Depois do diagn\u00f3stico inicial, o layout ganha protagonismo. Ele \u00e9 a base que organiza o ambiente e orienta a rela\u00e7\u00e3o entre pessoas, setores, mobili\u00e1rio e fluxos. Um layout funcional n\u00e3o \u00e9 apenas aquele que cabe dentro da planta. Ele precisa favorecer circula\u00e7\u00e3o, clareza espacial, aproveitamento racional da metragem e integra\u00e7\u00e3o coerente entre diferentes \u00e1reas.<\/p>\n\n\n\n<p>Quando o layout \u00e9 mal resolvido, o escrit\u00f3rio tende a apresentar gargalos. Mesas podem bloquear passagens, \u00e1reas de apoio ficam distantes da opera\u00e7\u00e3o, salas s\u00e3o subutilizadas e a sensa\u00e7\u00e3o geral \u00e9 de desordem. Por outro lado, um bom arranjo espacial melhora leitura do ambiente e reduz improvisa\u00e7\u00f5es.<\/p>\n\n\n\n<h3 class=\"wp-block-heading\"><span class=\"ez-toc-section\" id=\"Setorizacao_com_base_na_operacao\"><\/span><a><\/a> <strong>Setoriza\u00e7\u00e3o com base na opera\u00e7\u00e3o<\/strong><span class=\"ez-toc-section-end\"><\/span><\/h3>\n\n\n\n<p>O escrit\u00f3rio precisa ser dividido de acordo com a l\u00f3gica de uso. \u00c1reas de atendimento, setores administrativos, lideran\u00e7a, salas de reuni\u00e3o, recep\u00e7\u00e3o, apoio operacional e espa\u00e7os de armazenagem devem ocupar posi\u00e7\u00f5es que fa\u00e7am sentido para o funcionamento da empresa.<\/p>\n\n\n\n<p>Essa organiza\u00e7\u00e3o ajuda a reduzir deslocamentos desnecess\u00e1rios e torna o uso do ambiente mais intuitivo. Quem trabalha no espa\u00e7o percebe mais facilidade na rotina. Quem visita a empresa percebe mais clareza e profissionalismo.<\/p>\n\n\n\n<h3 class=\"wp-block-heading\"><span class=\"ez-toc-section\" id=\"Circulacao_e_conforto_espacial\"><\/span><a><\/a> <strong>Circula\u00e7\u00e3o e conforto espacial<\/strong><span class=\"ez-toc-section-end\"><\/span><\/h3>\n\n\n\n<p>A circula\u00e7\u00e3o \u00e9 um dos elementos mais negligenciados em projetos improvisados. Corredores apertados, \u00e1reas de passagem interrompidas e excesso de mobili\u00e1rio prejudicam a funcionalidade do escrit\u00f3rio. Afinal, de que adianta aproveitar cada cent\u00edmetro se o ambiente perde mobilidade e conforto?<\/p>\n\n\n\n<p>Um layout eficiente precisa permitir deslocamento natural, acesso f\u00e1cil aos setores e boa integra\u00e7\u00e3o entre os pontos de uso. Precisa de m\u00f3veis sob medida para seu escrit\u00f3rio? Fale com especialistas.<\/p>\n\n\n\n<h2 class=\"wp-block-heading\"><span class=\"ez-toc-section\" id=\"A_terceira_etapa_escolher_o_mobiliario_corporativo_com_base_tecnica\"><\/span><a><\/a> <strong>A terceira etapa: escolher o mobili\u00e1rio corporativo com base t\u00e9cnica<\/strong><span class=\"ez-toc-section-end\"><\/span><\/h2>\n\n\n\n<p>Ap\u00f3s a defini\u00e7\u00e3o do layout, entra a especifica\u00e7\u00e3o do mobili\u00e1rio. Esse momento exige crit\u00e9rio, porque cada pe\u00e7a precisa responder ao uso real do ambiente. Mesas, cadeiras, arm\u00e1rios, esta\u00e7\u00f5es de trabalho, balc\u00f5es, gaveteiros, arquivos e solu\u00e7\u00f5es de apoio devem ser escolhidos considerando ergonomia, durabilidade, propor\u00e7\u00e3o, circula\u00e7\u00e3o e identidade visual.<\/p>\n\n\n\n<p>Um erro comum \u00e9 tratar o mobili\u00e1rio apenas como componente decorativo. No ambiente corporativo, ele tem papel funcional decisivo. Uma mesa mal dimensionada pode comprometer a rotina da equipe. Uma cadeira inadequada reduz conforto e apoio. Um arm\u00e1rio mal posicionado interfere na circula\u00e7\u00e3o e sobrecarrega visualmente o ambiente.<\/p>\n\n\n\n<h3 class=\"wp-block-heading\"><span class=\"ez-toc-section\" id=\"Ergonomia_aplicada_ao_ambiente_de_trabalho\"><\/span><a><\/a> <strong>Ergonomia aplicada ao ambiente de trabalho<\/strong><span class=\"ez-toc-section-end\"><\/span><\/h3>\n\n\n\n<p>A ergonomia \u00e9 indispens\u00e1vel em qualquer projeto corporativo s\u00e9rio. Ela influencia postura, conforto, uso correto das esta\u00e7\u00f5es e qualidade da rotina. Cadeiras com regulagens adequadas, superf\u00edcies compat\u00edveis com a atividade e organiza\u00e7\u00e3o racional dos postos ajudam a compor um ambiente mais funcional.<\/p>\n\n\n\n<p>Esse cuidado \u00e9 especialmente importante em empresas que dependem de longos per\u00edodos de perman\u00eancia nas esta\u00e7\u00f5es de trabalho. Como esperar consist\u00eancia operacional em um escrit\u00f3rio que n\u00e3o oferece suporte adequado ao uso di\u00e1rio?<\/p>\n\n\n\n<h3 class=\"wp-block-heading\"><span class=\"ez-toc-section\" id=\"Padronizacao_visual_e_coerencia_entre_os_setores\"><\/span><a><\/a> <strong>Padroniza\u00e7\u00e3o visual e coer\u00eancia entre os setores<\/strong><span class=\"ez-toc-section-end\"><\/span><\/h3>\n\n\n\n<p>Al\u00e9m da funcionalidade, o mobili\u00e1rio precisa manter unidade visual. Isso n\u00e3o significa usar pe\u00e7as id\u00eanticas em todos os espa\u00e7os, mas garantir coer\u00eancia entre acabamentos, propor\u00e7\u00f5es e linguagem est\u00e9tica. A padroniza\u00e7\u00e3o refor\u00e7a organiza\u00e7\u00e3o e fortalece a percep\u00e7\u00e3o de profissionalismo.<\/p>\n\n\n\n<p>\u201cEncontramos solu\u00e7\u00f5es sob medida para o nosso escrit\u00f3rio, com \u00f3timo aproveitamento do espa\u00e7o.\u201d \u2013 Cliente Sistema M\u00f3veis<\/p>\n\n\n\n<p>Deseja melhorar ergonomia e organiza\u00e7\u00e3o no ambiente de trabalho? Solicite um projeto.<\/p>\n\n\n\n<h2 class=\"wp-block-heading\"><span class=\"ez-toc-section\" id=\"A_quarta_etapa_planejar_armazenagem_e_organizacao_interna\"><\/span><a><\/a> <strong>A quarta etapa: planejar armazenagem e organiza\u00e7\u00e3o interna<\/strong><span class=\"ez-toc-section-end\"><\/span><\/h2>\n\n\n\n<p>Um escrit\u00f3rio eficiente n\u00e3o depende apenas de boas mesas e cadeiras. Ele tamb\u00e9m precisa prever onde documentos, materiais, equipamentos e itens de apoio ser\u00e3o armazenados. Quando essa etapa \u00e9 ignorada, surgem ac\u00famulos sobre superf\u00edcies, excesso de objetos vis\u00edveis e perda de funcionalidade no dia a dia.<\/p>\n\n\n\n<p>A organiza\u00e7\u00e3o interna faz parte do projeto. Arm\u00e1rios, arquivos, m\u00f3dulos de apoio e solu\u00e7\u00f5es sob medida ajudam a manter cada \u00e1rea mais limpa, racional e preparada para a rotina da empresa. Isso vale tanto para setores administrativos quanto para recep\u00e7\u00e3o, salas de reuni\u00e3o e espa\u00e7os de uso compartilhado.<\/p>\n\n\n\n<h3 class=\"wp-block-heading\"><span class=\"ez-toc-section\" id=\"Menos_excesso_visual_mais_clareza_operacional\"><\/span><a><\/a> <strong>Menos excesso visual, mais clareza operacional<\/strong><span class=\"ez-toc-section-end\"><\/span><\/h3>\n\n\n\n<p>Ambientes corporativos com armazenamento mal resolvido tendem a parecer desorganizados, mesmo quando possuem bons acabamentos. A raz\u00e3o \u00e9 simples: sem espa\u00e7o apropriado para guardar materiais, o ambiente passa a carregar ru\u00eddos visuais que comprometem sua leitura.<\/p>\n\n\n\n<p>O projeto precisa prever onde ficar\u00e1 cada tipo de item, com base na frequ\u00eancia de uso e na l\u00f3gica da opera\u00e7\u00e3o. Isso reduz improvisos e aumenta a efici\u00eancia.<\/p>\n\n\n\n<h3 class=\"wp-block-heading\"><span class=\"ez-toc-section\" id=\"Solucoes_sob_medida_para_melhor_aproveitamento\"><\/span><a><\/a> <strong>Solu\u00e7\u00f5es sob medida para melhor aproveitamento<\/strong><span class=\"ez-toc-section-end\"><\/span><\/h3>\n\n\n\n<p>Nem toda empresa se adapta bem a m\u00f3dulos padronizados. Em muitos casos, o melhor resultado surge com mobili\u00e1rio sob medida, ajustado \u00e0 metragem, ao layout e \u00e0 necessidade espec\u00edfica de cada setor. Esse tipo de solu\u00e7\u00e3o ajuda a aproveitar melhor \u00e1reas compactas e refor\u00e7a a padroniza\u00e7\u00e3o do escrit\u00f3rio.<\/p>\n\n\n\n<p>Quer padronizar seu mobili\u00e1rio corporativo com efici\u00eancia? Solicite orienta\u00e7\u00e3o t\u00e9cnica.<\/p>\n\n\n\n<h2 class=\"wp-block-heading\"><span class=\"ez-toc-section\" id=\"A_quinta_etapa_integrar_modernidade_e_identidade_visual_sem_perder_funcionalidade\"><\/span><a><\/a> <strong>A quinta etapa: integrar modernidade e identidade visual sem perder funcionalidade<\/strong><span class=\"ez-toc-section-end\"><\/span><\/h2>\n\n\n\n<p>Muitas empresas desejam um escrit\u00f3rio moderno, mas nem sempre definem com clareza o que isso significa. Modernidade, no contexto corporativo, n\u00e3o est\u00e1 apenas em tend\u00eancias visuais. Ela aparece na capacidade de unir funcionalidade, organiza\u00e7\u00e3o, linguagem contempor\u00e2nea e coer\u00eancia com a proposta da marca.<\/p>\n\n\n\n<p>Um ambiente moderno n\u00e3o precisa ser excessivamente carregado de elementos. Na maioria das vezes, o que transmite atualiza\u00e7\u00e3o \u00e9 a boa composi\u00e7\u00e3o entre layout, acabamentos, mobili\u00e1rio, ilumina\u00e7\u00e3o e clareza visual. O escrit\u00f3rio passa a parecer atual quando funciona bem e comunica profissionalismo sem exagero.<\/p>\n\n\n\n<h3 class=\"wp-block-heading\"><span class=\"ez-toc-section\" id=\"A_estetica_deve_acompanhar_a_operacao\"><\/span><a><\/a> <strong>A est\u00e9tica deve acompanhar a opera\u00e7\u00e3o<\/strong><span class=\"ez-toc-section-end\"><\/span><\/h3>\n\n\n\n<p>\u00c9 importante evitar solu\u00e7\u00f5es que priorizam imagem e sacrificam a rotina. Um projeto estrat\u00e9gico busca equil\u00edbrio. A empresa pode, sim, valorizar sua identidade visual, mas sem comprometer ergonomia, armazenagem, circula\u00e7\u00e3o e praticidade de uso.<\/p>\n\n\n\n<p>Esse ponto \u00e9 essencial porque o ambiente corporativo precisa ter desempenho cont\u00ednuo. Ele n\u00e3o existe apenas para impressionar, mas para apoiar a estrutura da empresa todos os dias.<\/p>\n\n\n\n<h3 class=\"wp-block-heading\"><span class=\"ez-toc-section\" id=\"O_escritorio_como_expressao_da_marca\"><\/span><a><\/a> <strong>O escrit\u00f3rio como express\u00e3o da marca<\/strong><span class=\"ez-toc-section-end\"><\/span><\/h3>\n\n\n\n<p>O projeto tamb\u00e9m precisa considerar a forma como a empresa deseja ser percebida. Neg\u00f3cios mais formais podem pedir linguagem visual mais s\u00f3bria. Empresas criativas ou inovadoras podem explorar outros recursos, desde que haja coer\u00eancia. O importante \u00e9 que o ambiente reforce valores reais da organiza\u00e7\u00e3o.<\/p>\n\n\n\n<p>\u201cDesde o projeto at\u00e9 a montagem, tudo foi feito com muito profissionalismo e organiza\u00e7\u00e3o.\u201d \u2013 Cliente Sistema M\u00f3veis<\/p>\n\n\n\n<h2 class=\"wp-block-heading\"><span class=\"ez-toc-section\" id=\"A_sexta_etapa_pensar_em_escalabilidade_e_adaptacao_futura\"><\/span><a><\/a> <strong>A sexta etapa: pensar em escalabilidade e adapta\u00e7\u00e3o futura<\/strong><span class=\"ez-toc-section-end\"><\/span><\/h2>\n\n\n\n<p>Um escrit\u00f3rio corporativo bem planejado n\u00e3o deve atender apenas ao presente. Ele tamb\u00e9m precisa considerar mudan\u00e7as futuras, crescimento de equipes, reconfigura\u00e7\u00e3o de setores e novas demandas operacionais. Ignorar esse ponto pode fazer com que o ambiente envelhe\u00e7a rapidamente ou exija reformas frequentes.<\/p>\n\n\n\n<p>Planejar com vis\u00e3o de futuro n\u00e3o significa superdimensionar tudo, mas criar uma base flex\u00edvel. Um layout racional, mobili\u00e1rio modular ou solu\u00e7\u00f5es sob medida bem pensadas ajudam a empresa a se adaptar com menos ruptura.<\/p>\n\n\n\n<h3 class=\"wp-block-heading\"><span class=\"ez-toc-section\" id=\"Crescimento_da_equipe_e_reorganizacao_dos_setores\"><\/span><a><\/a> <strong>Crescimento da equipe e reorganiza\u00e7\u00e3o dos setores<\/strong><span class=\"ez-toc-section-end\"><\/span><\/h3>\n\n\n\n<p>Muitas empresas mudam de tamanho, estrutura ou din\u00e2mica ao longo do tempo. Um projeto inteligente considera essas possibilidades. \u00c1reas que hoje atendem um n\u00famero limitado de pessoas podem precisar de nova ocupa\u00e7\u00e3o adiante. Por isso, o ambiente deve nascer com margem de ajuste.<\/p>\n\n\n\n<h3 class=\"wp-block-heading\"><span class=\"ez-toc-section\" id=\"Sustentacao_da_operacao_no_longo_prazo\"><\/span><a><\/a> <strong>Sustenta\u00e7\u00e3o da opera\u00e7\u00e3o no longo prazo<\/strong><span class=\"ez-toc-section-end\"><\/span><\/h3>\n\n\n\n<p>A longevidade do projeto tamb\u00e9m depende da qualidade dos materiais e da assist\u00eancia oferecida. Mobili\u00e1rio dur\u00e1vel, montagem profissional e suporte t\u00e9cnico permanente contribuem para preservar funcionalidade e padr\u00e3o visual.<\/p>\n\n\n\n<p>Precisa planejar um ambiente profissional funcional? Entre em contato com consultores.<\/p>\n\n\n\n<h2 class=\"wp-block-heading\"><span class=\"ez-toc-section\" id=\"A_setima_etapa_contar_com_atendimento_consultivo_e_execucao_profissional\"><\/span><a><\/a> <strong>A s\u00e9tima etapa: contar com atendimento consultivo e execu\u00e7\u00e3o profissional<\/strong><span class=\"ez-toc-section-end\"><\/span><\/h2>\n\n\n\n<p>Mesmo quando a empresa j\u00e1 possui uma ideia clara do que deseja, o atendimento consultivo continua sendo decisivo. Isso porque um bom projeto de escrit\u00f3rio corporativo envolve leitura t\u00e9cnica do espa\u00e7o, compreens\u00e3o da opera\u00e7\u00e3o e capacidade de traduzir essas informa\u00e7\u00f5es em solu\u00e7\u00f5es reais de mobili\u00e1rio e layout.<\/p>\n\n\n\n<p>A execu\u00e7\u00e3o tamb\u00e9m faz diferen\u00e7a. N\u00e3o basta especificar corretamente se a implanta\u00e7\u00e3o n\u00e3o acompanha o mesmo n\u00edvel de cuidado. Montagem profissional, organiza\u00e7\u00e3o das etapas e suporte t\u00e9cnico ajudam a reduzir falhas e garantem melhor resultado no uso final.<\/p>\n\n\n\n<h3 class=\"wp-block-heading\"><span class=\"ez-toc-section\" id=\"O_valor_de_um_projeto_orientado_por_especialistas\"><\/span><a><\/a> <strong>O valor de um projeto orientado por especialistas<\/strong><span class=\"ez-toc-section-end\"><\/span><\/h3>\n\n\n\n<p>Quando o escrit\u00f3rio \u00e9 planejado com apoio t\u00e9cnico, as escolhas deixam de ser gen\u00e9ricas. A empresa passa a contar com um processo mais seguro, com decis\u00f5es alinhadas \u00e0 sua rotina, ao seu espa\u00e7o e \u00e0 sua identidade. Isso reduz retrabalho e melhora a qualidade geral da implanta\u00e7\u00e3o.<\/p>\n\n\n\n<h3 class=\"wp-block-heading\"><span class=\"ez-toc-section\" id=\"A_experiencia_como_diferencial_pratico\"><\/span><a><\/a> <strong>A experi\u00eancia como diferencial pr\u00e1tico<\/strong><span class=\"ez-toc-section-end\"><\/span><\/h3>\n\n\n\n<p>A Sistema M\u00f3veis atua desde 1993 com atendimento consultivo, projeto de mobili\u00e1rio corporativo e solu\u00e7\u00f5es sob medida. A empresa atende organiza\u00e7\u00f5es de pequeno, m\u00e9dio e grande porte, oferecendo mobili\u00e1rio para escrit\u00f3rios, recep\u00e7\u00e3o, audit\u00f3rios e galp\u00f5es, com montagem profissional sem custo adicional e assist\u00eancia t\u00e9cnica permanente. Sua atua\u00e7\u00e3o em S\u00e3o Paulo SP e regi\u00f5es corporativas estrat\u00e9gicas refor\u00e7a a capacidade de atender neg\u00f3cios que buscam funcionalidade, ergonomia e organiza\u00e7\u00e3o com vis\u00e3o t\u00e9cnica.<\/p>\n\n\n\n<p>\u201cA equipe entendeu exatamente nossa necessidade corporativa e entregou dentro do esperado.\u201d \u2013 Cliente Sistema M\u00f3veis<\/p>\n\n\n\n<h2 class=\"wp-block-heading\"><span class=\"ez-toc-section\" id=\"O_impacto_do_projeto_na_produtividade_na_imagem_e_na_rotina_da_empresa\"><\/span><a><\/a> <strong>O impacto do projeto na produtividade, na imagem e na rotina da empresa<\/strong><span class=\"ez-toc-section-end\"><\/span><\/h2>\n\n\n\n<p>Quando o escrit\u00f3rio \u00e9 planejado de forma estrat\u00e9gica, os ganhos aparecem em diferentes frentes. O ambiente passa a oferecer mais fluidez, mais clareza visual, melhor distribui\u00e7\u00e3o dos setores e mais apoio \u00e0 opera\u00e7\u00e3o. Isso n\u00e3o significa prometer resultados autom\u00e1ticos, mas reconhecer que a estrutura f\u00edsica interfere diretamente na forma como o trabalho acontece.<\/p>\n\n\n\n<p>Empresas bem organizadas tendem a transmitir mais profissionalismo. Ambientes coerentes fortalecem a imagem da marca diante de clientes, parceiros e colaboradores. Al\u00e9m disso, a rotina interna se torna menos sujeita a improvisos, deslocamentos desnecess\u00e1rios e conflitos de uso do espa\u00e7o.<\/p>\n\n\n\n<p>Aten\u00e7\u00e3o | Atendimento via WhatsApp e e-mail. Condi\u00e7\u00f5es de agenda, disponibilidade de montagem, prazos e log\u00edstica podem variar conforme demanda e confirma\u00e7\u00e3o com a equipe da Sistema M\u00f3veis.<\/p>\n\n\n\n<p>Projeto de escrit\u00f3rio corporativo: etapas para criar um ambiente funcional, moderno e estrat\u00e9gico n\u00e3o deve ser tratado como despesa isolada, mas como parte de uma decis\u00e3o estrutural importante para a empresa. Quando layout, mobili\u00e1rio, ergonomia e organiza\u00e7\u00e3o s\u00e3o pensados em conjunto, o ambiente deixa de ser apenas um local de trabalho e passa a atuar como ferramenta de apoio \u00e0 opera\u00e7\u00e3o e \u00e0 imagem institucional.<\/p>\n\n\n\n<p>Sua empresa est\u00e1 apenas ocupando um espa\u00e7o ou realmente utilizando o escrit\u00f3rio como recurso estrat\u00e9gico para crescer com mais organiza\u00e7\u00e3o? Para dar esse passo com mais seguran\u00e7a, vale conversar com especialistas e solicitar uma avalia\u00e7\u00e3o t\u00e9cnica.<\/p>\n\n\n\n<p>Projeto de escrit\u00f3rio corporativo: etapas para criar um ambiente funcional, moderno e estrat\u00e9gico<\/p>\n\n\n\n<p>FAQ \u2014 Perguntas frequentes<\/p>\n\n\n\n<h3 class=\"wp-block-heading\"><span class=\"ez-toc-section\" id=\"1_Qual_e_a_primeira_etapa_de_um_projeto_de_escritorio_corporativo\"><\/span><a><\/a> <strong>1. Qual \u00e9 a primeira etapa de um projeto de escrit\u00f3rio corporativo?<\/strong><span class=\"ez-toc-section-end\"><\/span><\/h3>\n\n\n\n<p>A primeira etapa \u00e9 entender a rotina da empresa, o n\u00famero de usu\u00e1rios, os fluxos internos, as necessidades de cada setor e as caracter\u00edsticas do espa\u00e7o dispon\u00edvel.<\/p>\n\n\n\n<h3 class=\"wp-block-heading\"><span class=\"ez-toc-section\" id=\"2_O_layout_realmente_influencia_o_desempenho_do_escritorio\"><\/span><a><\/a> <strong>2. O layout realmente influencia o desempenho do escrit\u00f3rio?<\/strong><span class=\"ez-toc-section-end\"><\/span><\/h3>\n\n\n\n<p>Sim. Um layout funcional melhora a circula\u00e7\u00e3o, organiza\u00e7\u00e3o dos setores, leitura do ambiente e aproveitamento da metragem, favorecendo uma rotina mais eficiente.<\/p>\n\n\n\n<h3 class=\"wp-block-heading\"><span class=\"ez-toc-section\" id=\"3_Moveis_sob_medida_sao_sempre_necessarios\"><\/span><a><\/a> <strong>3. M\u00f3veis sob medida s\u00e3o sempre necess\u00e1rios?<\/strong><span class=\"ez-toc-section-end\"><\/span><\/h3>\n\n\n\n<p>Nem sempre. Eles s\u00e3o especialmente vantajosos quando a empresa precisa otimizar espa\u00e7o, integrar setores e atender necessidades espec\u00edficas de layout e armazenagem.<\/p>\n\n\n\n<h3 class=\"wp-block-heading\"><span class=\"ez-toc-section\" id=\"4_A_Sistema_Moveis_atende_apenas_escritorios\"><\/span><a><\/a> <strong>4. A Sistema M\u00f3veis atende apenas escrit\u00f3rios?<\/strong><span class=\"ez-toc-section-end\"><\/span><\/h3>\n\n\n\n<p>N\u00e3o. A empresa trabalha com mobili\u00e1rio para escrit\u00f3rios, recep\u00e7\u00e3o, audit\u00f3rios e galp\u00f5es, atendendo empresas de diferentes portes com solu\u00e7\u00f5es corporativas completas.<\/p>\n\n\n\n<h3 class=\"wp-block-heading\"><span class=\"ez-toc-section\" id=\"5_Existe_relato_de_cliente_sobre_esse_tipo_de_projeto\"><\/span><a><\/a> <strong>5. Existe relato de cliente sobre esse tipo de projeto?<\/strong><span class=\"ez-toc-section-end\"><\/span><\/h3>\n\n\n\n<p>Sim. \u201cEncontramos solu\u00e7\u00f5es sob medida para o nosso escrit\u00f3rio, com \u00f3timo aproveitamento do espa\u00e7o.\u201d \u2013 Cliente Sistema M\u00f3veis<\/p>\n\n\n\n<p>Este conte\u00fado \u00e9 atualizado periodicamente conforme as melhores pr\u00e1ticas de comunica\u00e7\u00e3o respons\u00e1vel em mobili\u00e1rio corporativo, ergonomia, projeto de ambientes profissionais e gest\u00e3o de espa\u00e7os empresariais em S\u00e3o Paulo.<\/p>\n\n\n\n<p><\/p>\n","protected":false},"excerpt":{"rendered":"<p><span class=\"span-reading-time rt-reading-time\" style=\"display: block;\"><span class=\"rt-label rt-prefix\">Tempo de leitura: <\/span> <span class=\"rt-time\"> 8<\/span> <span class=\"rt-label rt-postfix\">minutos<\/span><\/span>Projeto de escrit\u00f3rio corporativo: etapas para criar um ambiente funcional, moderno e estrat\u00e9gico come\u00e7a com uma vis\u00e3o clara de que o ambiente de trabalho n\u00e3o deve ser planejado apenas para acomodar pessoas e m\u00f3veis. Ele precisa responder \u00e0 rotina da empresa, apoiar processos, refor\u00e7ar a imagem institucional e criar condi\u00e7\u00f5es reais para organiza\u00e7\u00e3o, fluidez operacional &hellip; <\/p>\n","protected":false},"author":1,"featured_media":319,"comment_status":"open","ping_status":"open","sticky":false,"template":"","format":"standard","meta":{"footnotes":""},"categories":[1851,334],"tags":[1849,1865,1843,1844,1861,1842,1855,1852],"class_list":["post-318","post","type-post","status-publish","format-standard","has-post-thumbnail","hentry","category-ambiente-corporativo","category-moveis-corporativos","tag-auditorio-corporativo","tag-cadeiras-corporativas-ergonomicas","tag-ergonomia","tag-ergonomia-ambiente-corporativo","tag-ergonomia-em-ambientes-de-trabalho","tag-ergonomia-no-ambiente-de-trabalho","tag-moveis-sob-medida-para-escritorios","tag-planejamento-de-layout-corporativo","latest_post"],"yoast_head":"<!-- This site is optimized with the Yoast SEO plugin v27.0 - https:\/\/yoast.com\/product\/yoast-seo-wordpress\/ -->\n<title>Projeto de escrit\u00f3rio corporativo: etapas para criar um ambiente funcional, moderno e estrat\u00e9gico - Sistema M\u00f3veis<\/title>\n<meta name=\"description\" content=\"Projeto de escrit\u00f3rio corporativo: etapas para criar um ambiente funcional, moderno e estrat\u00e9gico come\u00e7a com uma vis\u00e3o clara de que o...\" \/>\n<meta name=\"robots\" content=\"index, follow, max-snippet:-1, max-image-preview:large, max-video-preview:-1\" \/>\n<link rel=\"canonical\" href=\"https:\/\/www.sistemamoveis.com.br\/blog\/projeto-de-escritorio-corporativo-etapas-para-criar-um-ambiente-funcional-moderno-e-estrategico\/\" \/>\n<meta property=\"og:locale\" content=\"pt_BR\" \/>\n<meta property=\"og:type\" content=\"article\" \/>\n<meta property=\"og:title\" content=\"Projeto de escrit\u00f3rio corporativo: etapas para criar um ambiente funcional, moderno e estrat\u00e9gico - Sistema M\u00f3veis\" \/>\n<meta property=\"og:description\" content=\"Projeto de escrit\u00f3rio corporativo: etapas para criar um ambiente funcional, moderno e estrat\u00e9gico come\u00e7a com uma vis\u00e3o clara de que o...\" \/>\n<meta property=\"og:url\" content=\"https:\/\/www.sistemamoveis.com.br\/blog\/projeto-de-escritorio-corporativo-etapas-para-criar-um-ambiente-funcional-moderno-e-estrategico\/\" \/>\n<meta property=\"og:site_name\" content=\"Sistema M\u00f3veis\" \/>\n<meta property=\"article:published_time\" content=\"2026-04-23T15:01:20+00:00\" \/>\n<meta property=\"article:modified_time\" content=\"2026-04-30T15:03:36+00:00\" \/>\n<meta property=\"og:image\" content=\"https:\/\/www.sistemamoveis.com.br\/blog\/wp-content\/uploads\/2026\/04\/Projeto-de-escritorio-corporativo.jpg\" \/>\n\t<meta property=\"og:image:width\" content=\"2000\" \/>\n\t<meta property=\"og:image:height\" content=\"1333\" \/>\n\t<meta property=\"og:image:type\" content=\"image\/jpeg\" \/>\n<meta name=\"author\" content=\"admin\" \/>\n<meta name=\"twitter:card\" content=\"summary_large_image\" \/>\n<meta name=\"twitter:label1\" content=\"Escrito por\" \/>\n\t<meta name=\"twitter:data1\" content=\"admin\" \/>\n\t<meta name=\"twitter:label2\" content=\"Est. tempo de leitura\" \/>\n\t<meta name=\"twitter:data2\" content=\"14 minutos\" \/>\n<script type=\"application\/ld+json\" class=\"yoast-schema-graph\">{\"@context\":\"https:\/\/schema.org\",\"@graph\":[{\"@type\":\"Article\",\"@id\":\"https:\/\/www.sistemamoveis.com.br\/blog\/projeto-de-escritorio-corporativo-etapas-para-criar-um-ambiente-funcional-moderno-e-estrategico\/#article\",\"isPartOf\":{\"@id\":\"https:\/\/www.sistemamoveis.com.br\/blog\/projeto-de-escritorio-corporativo-etapas-para-criar-um-ambiente-funcional-moderno-e-estrategico\/\"},\"author\":{\"name\":\"admin\",\"@id\":\"https:\/\/www.sistemamoveis.com.br\/blog\/#\/schema\/person\/e9ac77f2e566e70d67677c219d7a7c7a\"},\"headline\":\"Projeto de escrit\u00f3rio corporativo: etapas para criar um ambiente funcional, moderno e estrat\u00e9gico\",\"datePublished\":\"2026-04-23T15:01:20+00:00\",\"dateModified\":\"2026-04-30T15:03:36+00:00\",\"mainEntityOfPage\":{\"@id\":\"https:\/\/www.sistemamoveis.com.br\/blog\/projeto-de-escritorio-corporativo-etapas-para-criar-um-ambiente-funcional-moderno-e-estrategico\/\"},\"wordCount\":2708,\"commentCount\":0,\"publisher\":{\"@id\":\"https:\/\/www.sistemamoveis.com.br\/blog\/#organization\"},\"image\":{\"@id\":\"https:\/\/www.sistemamoveis.com.br\/blog\/projeto-de-escritorio-corporativo-etapas-para-criar-um-ambiente-funcional-moderno-e-estrategico\/#primaryimage\"},\"thumbnailUrl\":\"https:\/\/www.sistemamoveis.com.br\/blog\/wp-content\/uploads\/2026\/04\/Projeto-de-escritorio-corporativo.jpg\",\"keywords\":[\"Audit\u00f3rio Corporativo\",\"Cadeiras corporativas ergon\u00f4micas\",\"Ergonomia\",\"Ergonomia Ambiente Corporativo\",\"Ergonomia em ambientes de trabalho\",\"Ergonomia no ambiente de trabalho\",\"M\u00f3veis sob medida para escrit\u00f3rios\",\"Planejamento de layout corporativo\"],\"articleSection\":[\"Ambiente Corporativo\",\"M\u00f3veis corporativos\"],\"inLanguage\":\"pt-BR\",\"potentialAction\":[{\"@type\":\"CommentAction\",\"name\":\"Comment\",\"target\":[\"https:\/\/www.sistemamoveis.com.br\/blog\/projeto-de-escritorio-corporativo-etapas-para-criar-um-ambiente-funcional-moderno-e-estrategico\/#respond\"]}]},{\"@type\":\"WebPage\",\"@id\":\"https:\/\/www.sistemamoveis.com.br\/blog\/projeto-de-escritorio-corporativo-etapas-para-criar-um-ambiente-funcional-moderno-e-estrategico\/\",\"url\":\"https:\/\/www.sistemamoveis.com.br\/blog\/projeto-de-escritorio-corporativo-etapas-para-criar-um-ambiente-funcional-moderno-e-estrategico\/\",\"name\":\"Projeto de escrit\u00f3rio corporativo: etapas para criar um ambiente funcional, moderno e estrat\u00e9gico - Sistema M\u00f3veis\",\"isPartOf\":{\"@id\":\"https:\/\/www.sistemamoveis.com.br\/blog\/#website\"},\"primaryImageOfPage\":{\"@id\":\"https:\/\/www.sistemamoveis.com.br\/blog\/projeto-de-escritorio-corporativo-etapas-para-criar-um-ambiente-funcional-moderno-e-estrategico\/#primaryimage\"},\"image\":{\"@id\":\"https:\/\/www.sistemamoveis.com.br\/blog\/projeto-de-escritorio-corporativo-etapas-para-criar-um-ambiente-funcional-moderno-e-estrategico\/#primaryimage\"},\"thumbnailUrl\":\"https:\/\/www.sistemamoveis.com.br\/blog\/wp-content\/uploads\/2026\/04\/Projeto-de-escritorio-corporativo.jpg\",\"datePublished\":\"2026-04-23T15:01:20+00:00\",\"dateModified\":\"2026-04-30T15:03:36+00:00\",\"description\":\"Projeto de escrit\u00f3rio corporativo: etapas para criar um ambiente funcional, moderno e estrat\u00e9gico come\u00e7a com uma vis\u00e3o clara de que o...\",\"breadcrumb\":{\"@id\":\"https:\/\/www.sistemamoveis.com.br\/blog\/projeto-de-escritorio-corporativo-etapas-para-criar-um-ambiente-funcional-moderno-e-estrategico\/#breadcrumb\"},\"inLanguage\":\"pt-BR\",\"potentialAction\":[{\"@type\":\"ReadAction\",\"target\":[\"https:\/\/www.sistemamoveis.com.br\/blog\/projeto-de-escritorio-corporativo-etapas-para-criar-um-ambiente-funcional-moderno-e-estrategico\/\"]}]},{\"@type\":\"ImageObject\",\"inLanguage\":\"pt-BR\",\"@id\":\"https:\/\/www.sistemamoveis.com.br\/blog\/projeto-de-escritorio-corporativo-etapas-para-criar-um-ambiente-funcional-moderno-e-estrategico\/#primaryimage\",\"url\":\"https:\/\/www.sistemamoveis.com.br\/blog\/wp-content\/uploads\/2026\/04\/Projeto-de-escritorio-corporativo.jpg\",\"contentUrl\":\"https:\/\/www.sistemamoveis.com.br\/blog\/wp-content\/uploads\/2026\/04\/Projeto-de-escritorio-corporativo.jpg\",\"width\":2000,\"height\":1333,\"caption\":\"Projeto de escrit\u00f3rio corporativo\"},{\"@type\":\"BreadcrumbList\",\"@id\":\"https:\/\/www.sistemamoveis.com.br\/blog\/projeto-de-escritorio-corporativo-etapas-para-criar-um-ambiente-funcional-moderno-e-estrategico\/#breadcrumb\",\"itemListElement\":[{\"@type\":\"ListItem\",\"position\":1,\"name\":\"In\u00edcio\",\"item\":\"https:\/\/www.sistemamoveis.com.br\/blog\/\"},{\"@type\":\"ListItem\",\"position\":2,\"name\":\"Projeto de escrit\u00f3rio corporativo: etapas para criar um ambiente funcional, moderno e estrat\u00e9gico\"}]},{\"@type\":\"WebSite\",\"@id\":\"https:\/\/www.sistemamoveis.com.br\/blog\/#website\",\"url\":\"https:\/\/www.sistemamoveis.com.br\/blog\/\",\"name\":\"Sistema M\u00f3veis\",\"description\":\"Blog - Sistema M\u00f3veis\",\"publisher\":{\"@id\":\"https:\/\/www.sistemamoveis.com.br\/blog\/#organization\"},\"potentialAction\":[{\"@type\":\"SearchAction\",\"target\":{\"@type\":\"EntryPoint\",\"urlTemplate\":\"https:\/\/www.sistemamoveis.com.br\/blog\/?s={search_term_string}\"},\"query-input\":{\"@type\":\"PropertyValueSpecification\",\"valueRequired\":true,\"valueName\":\"search_term_string\"}}],\"inLanguage\":\"pt-BR\"},{\"@type\":\"Organization\",\"@id\":\"https:\/\/www.sistemamoveis.com.br\/blog\/#organization\",\"name\":\"Sistema M\u00f3veis\",\"url\":\"https:\/\/www.sistemamoveis.com.br\/blog\/\",\"logo\":{\"@type\":\"ImageObject\",\"inLanguage\":\"pt-BR\",\"@id\":\"https:\/\/www.sistemamoveis.com.br\/blog\/#\/schema\/logo\/image\/\",\"url\":\"https:\/\/www.sistemamoveis.com.br\/blog\/wp-content\/uploads\/2023\/10\/logo.png\",\"contentUrl\":\"https:\/\/www.sistemamoveis.com.br\/blog\/wp-content\/uploads\/2023\/10\/logo.png\",\"width\":178,\"height\":55,\"caption\":\"Sistema M\u00f3veis\"},\"image\":{\"@id\":\"https:\/\/www.sistemamoveis.com.br\/blog\/#\/schema\/logo\/image\/\"}},{\"@type\":\"Person\",\"@id\":\"https:\/\/www.sistemamoveis.com.br\/blog\/#\/schema\/person\/e9ac77f2e566e70d67677c219d7a7c7a\",\"name\":\"admin\",\"image\":{\"@type\":\"ImageObject\",\"inLanguage\":\"pt-BR\",\"@id\":\"https:\/\/www.sistemamoveis.com.br\/blog\/#\/schema\/person\/image\/\",\"url\":\"https:\/\/secure.gravatar.com\/avatar\/ae92580851fb03298934a1b9611b38c6dbe9c76ce20ff6d3222955b1fd38e5da?s=96&d=mm&r=g\",\"contentUrl\":\"https:\/\/secure.gravatar.com\/avatar\/ae92580851fb03298934a1b9611b38c6dbe9c76ce20ff6d3222955b1fd38e5da?s=96&d=mm&r=g\",\"caption\":\"admin\"},\"sameAs\":[\"https:\/\/www.sistemamoveis.com.br\/blog\"],\"url\":\"https:\/\/www.sistemamoveis.com.br\/blog\/author\/admin\/\"}]}<\/script>\n<!-- \/ Yoast SEO plugin. -->","yoast_head_json":{"title":"Projeto de escrit\u00f3rio corporativo: etapas para criar um ambiente funcional, moderno e estrat\u00e9gico - Sistema M\u00f3veis","description":"Projeto de escrit\u00f3rio corporativo: etapas para criar um ambiente funcional, moderno e estrat\u00e9gico come\u00e7a com uma vis\u00e3o clara de que o...","robots":{"index":"index","follow":"follow","max-snippet":"max-snippet:-1","max-image-preview":"max-image-preview:large","max-video-preview":"max-video-preview:-1"},"canonical":"https:\/\/www.sistemamoveis.com.br\/blog\/projeto-de-escritorio-corporativo-etapas-para-criar-um-ambiente-funcional-moderno-e-estrategico\/","og_locale":"pt_BR","og_type":"article","og_title":"Projeto de escrit\u00f3rio corporativo: etapas para criar um ambiente funcional, moderno e estrat\u00e9gico - Sistema M\u00f3veis","og_description":"Projeto de escrit\u00f3rio corporativo: etapas para criar um ambiente funcional, moderno e estrat\u00e9gico come\u00e7a com uma vis\u00e3o clara de que o...","og_url":"https:\/\/www.sistemamoveis.com.br\/blog\/projeto-de-escritorio-corporativo-etapas-para-criar-um-ambiente-funcional-moderno-e-estrategico\/","og_site_name":"Sistema M\u00f3veis","article_published_time":"2026-04-23T15:01:20+00:00","article_modified_time":"2026-04-30T15:03:36+00:00","og_image":[{"width":2000,"height":1333,"url":"https:\/\/www.sistemamoveis.com.br\/blog\/wp-content\/uploads\/2026\/04\/Projeto-de-escritorio-corporativo.jpg","type":"image\/jpeg"}],"author":"admin","twitter_card":"summary_large_image","twitter_misc":{"Escrito por":"admin","Est. tempo de leitura":"14 minutos"},"schema":{"@context":"https:\/\/schema.org","@graph":[{"@type":"Article","@id":"https:\/\/www.sistemamoveis.com.br\/blog\/projeto-de-escritorio-corporativo-etapas-para-criar-um-ambiente-funcional-moderno-e-estrategico\/#article","isPartOf":{"@id":"https:\/\/www.sistemamoveis.com.br\/blog\/projeto-de-escritorio-corporativo-etapas-para-criar-um-ambiente-funcional-moderno-e-estrategico\/"},"author":{"name":"admin","@id":"https:\/\/www.sistemamoveis.com.br\/blog\/#\/schema\/person\/e9ac77f2e566e70d67677c219d7a7c7a"},"headline":"Projeto de escrit\u00f3rio corporativo: etapas para criar um ambiente funcional, moderno e estrat\u00e9gico","datePublished":"2026-04-23T15:01:20+00:00","dateModified":"2026-04-30T15:03:36+00:00","mainEntityOfPage":{"@id":"https:\/\/www.sistemamoveis.com.br\/blog\/projeto-de-escritorio-corporativo-etapas-para-criar-um-ambiente-funcional-moderno-e-estrategico\/"},"wordCount":2708,"commentCount":0,"publisher":{"@id":"https:\/\/www.sistemamoveis.com.br\/blog\/#organization"},"image":{"@id":"https:\/\/www.sistemamoveis.com.br\/blog\/projeto-de-escritorio-corporativo-etapas-para-criar-um-ambiente-funcional-moderno-e-estrategico\/#primaryimage"},"thumbnailUrl":"https:\/\/www.sistemamoveis.com.br\/blog\/wp-content\/uploads\/2026\/04\/Projeto-de-escritorio-corporativo.jpg","keywords":["Audit\u00f3rio Corporativo","Cadeiras corporativas ergon\u00f4micas","Ergonomia","Ergonomia Ambiente Corporativo","Ergonomia em ambientes de trabalho","Ergonomia no ambiente de trabalho","M\u00f3veis sob medida para escrit\u00f3rios","Planejamento de layout corporativo"],"articleSection":["Ambiente Corporativo","M\u00f3veis corporativos"],"inLanguage":"pt-BR","potentialAction":[{"@type":"CommentAction","name":"Comment","target":["https:\/\/www.sistemamoveis.com.br\/blog\/projeto-de-escritorio-corporativo-etapas-para-criar-um-ambiente-funcional-moderno-e-estrategico\/#respond"]}]},{"@type":"WebPage","@id":"https:\/\/www.sistemamoveis.com.br\/blog\/projeto-de-escritorio-corporativo-etapas-para-criar-um-ambiente-funcional-moderno-e-estrategico\/","url":"https:\/\/www.sistemamoveis.com.br\/blog\/projeto-de-escritorio-corporativo-etapas-para-criar-um-ambiente-funcional-moderno-e-estrategico\/","name":"Projeto de escrit\u00f3rio corporativo: etapas para criar um ambiente funcional, moderno e estrat\u00e9gico - Sistema M\u00f3veis","isPartOf":{"@id":"https:\/\/www.sistemamoveis.com.br\/blog\/#website"},"primaryImageOfPage":{"@id":"https:\/\/www.sistemamoveis.com.br\/blog\/projeto-de-escritorio-corporativo-etapas-para-criar-um-ambiente-funcional-moderno-e-estrategico\/#primaryimage"},"image":{"@id":"https:\/\/www.sistemamoveis.com.br\/blog\/projeto-de-escritorio-corporativo-etapas-para-criar-um-ambiente-funcional-moderno-e-estrategico\/#primaryimage"},"thumbnailUrl":"https:\/\/www.sistemamoveis.com.br\/blog\/wp-content\/uploads\/2026\/04\/Projeto-de-escritorio-corporativo.jpg","datePublished":"2026-04-23T15:01:20+00:00","dateModified":"2026-04-30T15:03:36+00:00","description":"Projeto de escrit\u00f3rio corporativo: etapas para criar um ambiente funcional, moderno e estrat\u00e9gico come\u00e7a com uma vis\u00e3o clara de que o...","breadcrumb":{"@id":"https:\/\/www.sistemamoveis.com.br\/blog\/projeto-de-escritorio-corporativo-etapas-para-criar-um-ambiente-funcional-moderno-e-estrategico\/#breadcrumb"},"inLanguage":"pt-BR","potentialAction":[{"@type":"ReadAction","target":["https:\/\/www.sistemamoveis.com.br\/blog\/projeto-de-escritorio-corporativo-etapas-para-criar-um-ambiente-funcional-moderno-e-estrategico\/"]}]},{"@type":"ImageObject","inLanguage":"pt-BR","@id":"https:\/\/www.sistemamoveis.com.br\/blog\/projeto-de-escritorio-corporativo-etapas-para-criar-um-ambiente-funcional-moderno-e-estrategico\/#primaryimage","url":"https:\/\/www.sistemamoveis.com.br\/blog\/wp-content\/uploads\/2026\/04\/Projeto-de-escritorio-corporativo.jpg","contentUrl":"https:\/\/www.sistemamoveis.com.br\/blog\/wp-content\/uploads\/2026\/04\/Projeto-de-escritorio-corporativo.jpg","width":2000,"height":1333,"caption":"Projeto de escrit\u00f3rio corporativo"},{"@type":"BreadcrumbList","@id":"https:\/\/www.sistemamoveis.com.br\/blog\/projeto-de-escritorio-corporativo-etapas-para-criar-um-ambiente-funcional-moderno-e-estrategico\/#breadcrumb","itemListElement":[{"@type":"ListItem","position":1,"name":"In\u00edcio","item":"https:\/\/www.sistemamoveis.com.br\/blog\/"},{"@type":"ListItem","position":2,"name":"Projeto de escrit\u00f3rio corporativo: etapas para criar um ambiente funcional, moderno e estrat\u00e9gico"}]},{"@type":"WebSite","@id":"https:\/\/www.sistemamoveis.com.br\/blog\/#website","url":"https:\/\/www.sistemamoveis.com.br\/blog\/","name":"Sistema M\u00f3veis","description":"Blog - Sistema M\u00f3veis","publisher":{"@id":"https:\/\/www.sistemamoveis.com.br\/blog\/#organization"},"potentialAction":[{"@type":"SearchAction","target":{"@type":"EntryPoint","urlTemplate":"https:\/\/www.sistemamoveis.com.br\/blog\/?s={search_term_string}"},"query-input":{"@type":"PropertyValueSpecification","valueRequired":true,"valueName":"search_term_string"}}],"inLanguage":"pt-BR"},{"@type":"Organization","@id":"https:\/\/www.sistemamoveis.com.br\/blog\/#organization","name":"Sistema M\u00f3veis","url":"https:\/\/www.sistemamoveis.com.br\/blog\/","logo":{"@type":"ImageObject","inLanguage":"pt-BR","@id":"https:\/\/www.sistemamoveis.com.br\/blog\/#\/schema\/logo\/image\/","url":"https:\/\/www.sistemamoveis.com.br\/blog\/wp-content\/uploads\/2023\/10\/logo.png","contentUrl":"https:\/\/www.sistemamoveis.com.br\/blog\/wp-content\/uploads\/2023\/10\/logo.png","width":178,"height":55,"caption":"Sistema M\u00f3veis"},"image":{"@id":"https:\/\/www.sistemamoveis.com.br\/blog\/#\/schema\/logo\/image\/"}},{"@type":"Person","@id":"https:\/\/www.sistemamoveis.com.br\/blog\/#\/schema\/person\/e9ac77f2e566e70d67677c219d7a7c7a","name":"admin","image":{"@type":"ImageObject","inLanguage":"pt-BR","@id":"https:\/\/www.sistemamoveis.com.br\/blog\/#\/schema\/person\/image\/","url":"https:\/\/secure.gravatar.com\/avatar\/ae92580851fb03298934a1b9611b38c6dbe9c76ce20ff6d3222955b1fd38e5da?s=96&d=mm&r=g","contentUrl":"https:\/\/secure.gravatar.com\/avatar\/ae92580851fb03298934a1b9611b38c6dbe9c76ce20ff6d3222955b1fd38e5da?s=96&d=mm&r=g","caption":"admin"},"sameAs":["https:\/\/www.sistemamoveis.com.br\/blog"],"url":"https:\/\/www.sistemamoveis.com.br\/blog\/author\/admin\/"}]}},"_links":{"self":[{"href":"https:\/\/www.sistemamoveis.com.br\/blog\/wp-json\/wp\/v2\/posts\/318","targetHints":{"allow":["GET"]}}],"collection":[{"href":"https:\/\/www.sistemamoveis.com.br\/blog\/wp-json\/wp\/v2\/posts"}],"about":[{"href":"https:\/\/www.sistemamoveis.com.br\/blog\/wp-json\/wp\/v2\/types\/post"}],"author":[{"embeddable":true,"href":"https:\/\/www.sistemamoveis.com.br\/blog\/wp-json\/wp\/v2\/users\/1"}],"replies":[{"embeddable":true,"href":"https:\/\/www.sistemamoveis.com.br\/blog\/wp-json\/wp\/v2\/comments?post=318"}],"version-history":[{"count":1,"href":"https:\/\/www.sistemamoveis.com.br\/blog\/wp-json\/wp\/v2\/posts\/318\/revisions"}],"predecessor-version":[{"id":320,"href":"https:\/\/www.sistemamoveis.com.br\/blog\/wp-json\/wp\/v2\/posts\/318\/revisions\/320"}],"wp:featuredmedia":[{"embeddable":true,"href":"https:\/\/www.sistemamoveis.com.br\/blog\/wp-json\/wp\/v2\/media\/319"}],"wp:attachment":[{"href":"https:\/\/www.sistemamoveis.com.br\/blog\/wp-json\/wp\/v2\/media?parent=318"}],"wp:term":[{"taxonomy":"category","embeddable":true,"href":"https:\/\/www.sistemamoveis.com.br\/blog\/wp-json\/wp\/v2\/categories?post=318"},{"taxonomy":"post_tag","embeddable":true,"href":"https:\/\/www.sistemamoveis.com.br\/blog\/wp-json\/wp\/v2\/tags?post=318"}],"curies":[{"name":"wp","href":"https:\/\/api.w.org\/{rel}","templated":true}]}}